{"id":9928,"date":"2024-09-17T15:19:06","date_gmt":"2024-09-17T14:19:06","guid":{"rendered":"https:\/\/in2past.org\/?p=9928"},"modified":"2024-09-17T15:46:54","modified_gmt":"2024-09-17T14:46:54","slug":"erc-advanced-grant-awarded-to-crias-helena-machado","status":"publish","type":"post","link":"https:\/\/in2past.org\/pt\/news\/erc-advanced-grant-awarded-to-crias-helena-machado\/","title":{"rendered":"Subven\u00e7\u00e3o avan\u00e7ada do CEI atribu\u00edda a Helena Machado, do CRIA"},"content":{"rendered":"<div data-elementor-type=\"wp-post\" data-elementor-id=\"9928\" class=\"elementor elementor-9928\" data-elementor-post-type=\"post\">\n\t\t\t\t<div class=\"elementor-element elementor-element-52e96df e-con-full e-flex e-con e-parent\" data-id=\"52e96df\" data-element_type=\"container\">\n\t\t<div class=\"elementor-element elementor-element-fddfd44 e-con-full e-flex e-con e-child\" data-id=\"fddfd44\" data-element_type=\"container\">\n\t\t\t\t<div class=\"elementor-element elementor-element-ade7dac elementor-invisible elementor-widget elementor-widget-heading\" data-id=\"ade7dac\" data-element_type=\"widget\" data-settings=\"{&quot;_animation&quot;:&quot;fadeInLeft&quot;}\" data-widget_type=\"heading.default\">\n\t\t\t\t<div class=\"elementor-widget-container\">\n\t\t\t\t\t<h2 class=\"elementor-heading-title elementor-size-default\">O soci\u00f3logo \u00e9 uma refer\u00eancia internacional<\/h2>\t\t\t\t<\/div>\n\t\t\t\t<\/div>\n\t\t\t\t<div class=\"elementor-element elementor-element-0fea41f elementor-invisible elementor-widget elementor-widget-heading\" data-id=\"0fea41f\" data-element_type=\"widget\" data-settings=\"{&quot;_animation&quot;:&quot;fadeInLeft&quot;}\" data-widget_type=\"heading.default\">\n\t\t\t\t<div class=\"elementor-widget-container\">\n\t\t\t\t\t<h2 class=\"elementor-heading-title elementor-size-default\"><b>Subven\u00e7\u00e3o avan\u00e7ada do CEI atribu\u00edda a Helena Machado, do CRIA<\/b><\/h2>\t\t\t\t<\/div>\n\t\t\t\t<\/div>\n\t\t\t\t<div class=\"elementor-element elementor-element-bbba1d7 elementor-invisible elementor-widget elementor-widget-heading\" data-id=\"bbba1d7\" data-element_type=\"widget\" data-settings=\"{&quot;_animation&quot;:&quot;fadeInLeft&quot;}\" data-widget_type=\"heading.default\">\n\t\t\t\t<div class=\"elementor-widget-container\">\n\t\t\t\t\t<h2 class=\"elementor-heading-title elementor-size-default\">2,4 milh\u00f5es de euros para estudar tecnologias de reconhecimento facial<\/h2>\t\t\t\t<\/div>\n\t\t\t\t<\/div>\n\t\t\t\t<div class=\"elementor-element elementor-element-aa5477e elementor-invisible elementor-widget elementor-widget-heading\" data-id=\"aa5477e\" data-element_type=\"widget\" data-settings=\"{&quot;_animation&quot;:&quot;fadeInLeft&quot;}\" data-widget_type=\"heading.default\">\n\t\t\t\t<div class=\"elementor-widget-container\">\n\t\t\t\t\t<h2 class=\"elementor-heading-title elementor-size-default\">17\/09\/2024<\/h2>\t\t\t\t<\/div>\n\t\t\t\t<\/div>\n\t\t\t\t<div class=\"elementor-element elementor-element-aca1479 elementor-invisible elementor-widget elementor-widget-text-editor\" data-id=\"aca1479\" data-element_type=\"widget\" data-settings=\"{&quot;_animation&quot;:&quot;fadeInLeft&quot;}\" data-widget_type=\"text-editor.default\">\n\t\t\t\t<div class=\"elementor-widget-container\">\n\t\t\t\t\t\t\t\t\t<p>O impacto global das tecnologias de reconhecimento facial estar\u00e1 no centro do CRIA - Universidade do Minho \/ investigador IN2PAST <a href=\"https:\/\/www.cienciavitae.pt\/EC11-0E2B-21DE\" target=\"_blank\" rel=\"noopener\">Helena Machado<\/a>\u2019nos pr\u00f3ximos cinco anos. O seu novo projeto, \u2018Tecnologias de Reconhecimento Facial. Etho-Assemblages and Alternative Futures (fAIces)\u2019 acaba de ser galardoado com um pr\u00e9mio <a href=\"https:\/\/erc.europa.eu\/apply-grant\/advanced-grant\" target=\"_blank\" rel=\"noopener\">Subven\u00e7\u00e3o avan\u00e7ada<\/a> pelo Conselho Europeu de Investiga\u00e7\u00e3o (<a href=\"https:\/\/in2past.org\/pt\/news\/vinculum-an-exemplary-story-of-sharing-in-science\/\">ERC<\/a>) no valor de 2,46 milh\u00f5es de euros.<\/p><p>As bolsas ERC est\u00e3o entre as mais competitivas e prestigiadas da Europa, e s\u00e3o escassas em Portugal e nas ci\u00eancias sociais. Esta \u00e9 a segunda bolsa ERC de Helena Machado, que \u00e9 atualmente uma refer\u00eancia internacional na \u00e1rea da sociologia.<\/p><p>O projeto fAIces tem como objetivo analisar exaustivamente os impactos pol\u00edticos, \u00e9ticos e sociais que as tecnologias de reconhecimento facial t\u00eam na cidadania e na privacidade. Estas tecnologias s\u00e3o habitualmente utilizadas para identifica\u00e7\u00e3o e localiza\u00e7\u00e3o, armazenando milhares de milh\u00f5es de rostos e alimentando redes neuronais que s\u00e3o cruciais para o desenvolvimento da intelig\u00eancia artificial.<\/p><p>\u2018Vamos perceber como o uso destas tecnologias pode acentuar a discrimina\u00e7\u00e3o e a desigualdade social, por exemplo, explorando as perspectivas de diversos grupos que nunca foram estudados em conjunto, incluindo cientistas, empresas, activistas e artistas, actuando a n\u00edvel global. Vamos tamb\u00e9m estudar as implica\u00e7\u00f5es para as comunidades negras em pa\u00edses como os EUA, Canad\u00e1, Brasil, Alemanha, Fran\u00e7a, Reino Unido e Espanha\u2019, sublinha Helena Machado. O projeto adoptar\u00e1 tamb\u00e9m uma metodologia inovadora para formular uma nova teoria social sobre o rosto. Para al\u00e9m disso, pretende promover debates \u00e9ticos e envolver a sociedade, estimulando a imagina\u00e7\u00e3o para futuros alternativos na utiliza\u00e7\u00e3o destas tecnologias.<\/p><p>Continuar a ler <a href=\"https:\/\/cria.org.pt\/en\/cria-researcher-has-been-awarded-an-erc-grant-to-study-facial-recognition-technologies\" target=\"_blank\" rel=\"noopener\">S\u00edtio Web do CRIA<\/a>.<\/p>\t\t\t\t\t\t\t\t<\/div>\n\t\t\t\t<\/div>\n\t\t\t\t<\/div>\n\t\t<div class=\"elementor-element elementor-element-0346591 e-con-full e-flex elementor-invisible e-con e-child\" data-id=\"0346591\" data-element_type=\"container\" data-settings=\"{&quot;animation&quot;:&quot;fadeInRight&quot;}\">\n\t\t\t\t<div class=\"elementor-element elementor-element-7dd3bce elementor-widget elementor-widget-image\" data-id=\"7dd3bce\" data-element_type=\"widget\" data-widget_type=\"image.default\">\n\t\t\t\t<div class=\"elementor-widget-container\">\n\t\t\t\t\t\t\t\t\t\t\t\t\t\t\t<img fetchpriority=\"high\" decoding=\"async\" width=\"800\" height=\"528\" src=\"https:\/\/in2past.org\/wp-content\/uploads\/2024\/09\/Helena-Machado-9.jpg\" class=\"attachment-large size-large wp-image-9931\" alt=\"\" srcset=\"https:\/\/in2past.org\/wp-content\/uploads\/2024\/09\/Helena-Machado-9.jpg 1175w, https:\/\/in2past.org\/wp-content\/uploads\/2024\/09\/Helena-Machado-9-300x198.jpg 300w, https:\/\/in2past.org\/wp-content\/uploads\/2024\/09\/Helena-Machado-9-768x507.jpg 768w\" sizes=\"(max-width: 800px) 100vw, 800px\" \/>\t\t\t\t\t\t\t\t\t\t\t\t\t\t\t<\/div>\n\t\t\t\t<\/div>\n\t\t\t\t<div class=\"elementor-element elementor-element-ece3e0c elementor-widget elementor-widget-text-editor\" data-id=\"ece3e0c\" data-element_type=\"widget\" data-widget_type=\"text-editor.default\">\n\t\t\t\t<div class=\"elementor-widget-container\">\n\t\t\t\t\t\t\t\t\t<p>\u00a9 Universidade do Minho<\/p>\t\t\t\t\t\t\t\t<\/div>\n\t\t\t\t<\/div>\n\t\t\t\t<div class=\"elementor-element elementor-element-1b03c48 elementor-widget elementor-widget-text-editor\" data-id=\"1b03c48\" data-element_type=\"widget\" data-widget_type=\"text-editor.default\">\n\t\t\t\t<div class=\"elementor-widget-container\">\n\t\t\t\t\t\t\t\t\t<p>\u201cEsta \u00e9 a segunda bolsa ERC de Helena Machado, que \u00e9 agora uma refer\u00eancia internacional na sociologia.\u201d<\/p>\t\t\t\t\t\t\t\t<\/div>\n\t\t\t\t<\/div>\n\t\t\t\t<div class=\"elementor-element elementor-element-36bb9a1 elementor-widget elementor-widget-text-editor\" data-id=\"36bb9a1\" data-element_type=\"widget\" data-widget_type=\"text-editor.default\">\n\t\t\t\t<div class=\"elementor-widget-container\">\n\t\t\t\t\t\t\t\t\t<p><em><span class=\"xv78j7m\" spellcheck=\"false\">CRIA (Centro de Investiga\u00e7\u00e3o em <a href=\"https:\/\/in2past.org\/pt\/events\/phd-in-anthropology-picm-2026-27\/\">Antropologia<\/a>) \u00e9 uma das sete unidades de investiga\u00e7\u00e3o que <a href=\"https:\/\/in2past.org\/pt\/structure\/\">maquilhagem<\/a> a<\/span> IN2PAST <span class=\"xv78j7m\" spellcheck=\"false\">cons\u00f3rcio.<\/span><\/em><\/p>\t\t\t\t\t\t\t\t<\/div>\n\t\t\t\t<\/div>\n\t\t\t\t<\/div>\n\t\t\t\t<\/div>\n\t\t<div class=\"elementor-element elementor-element-5d01f51 e-con-full e-flex e-con e-parent\" data-id=\"5d01f51\" data-element_type=\"container\">\n\t\t\t\t<div class=\"elementor-element elementor-element-d8cb783 elementor-align-center elementor-invisible elementor-widget elementor-widget-button\" data-id=\"d8cb783\" data-element_type=\"widget\" data-settings=\"{&quot;_animation&quot;:&quot;fadeInLeft&quot;}\" data-widget_type=\"button.default\">\n\t\t\t\t<div class=\"elementor-widget-container\">\n\t\t\t\t\t\t\t\t\t<div class=\"elementor-button-wrapper\">\n\t\t\t\t\t<a class=\"elementor-button elementor-button-link elementor-size-xs\" href=\"https:\/\/in2past.org\/pt\/?page_id=1642\">\n\t\t\t\t\t\t<span class=\"elementor-button-content-wrapper\">\n\t\t\t\t\t\t\t\t\t<span class=\"elementor-button-text\">Todas as not\u00edcias<\/span>\n\t\t\t\t\t<\/span>\n\t\t\t\t\t<\/a>\n\t\t\t\t<\/div>\n\t\t\t\t\t\t\t\t<\/div>\n\t\t\t\t<\/div>\n\t\t\t\t<\/div>\n\t\t\t\t<\/div>","protected":false},"excerpt":{"rendered":"<p>Soci\u00f3loga \u00e9 refer\u00eancia internacional Bolsa avan\u00e7ada ERC atribu\u00edda a Helena Machado do CRIA 2,4 milh\u00f5es de euros para estudar tecnologias de reconhecimento facial 17\/09\/2024 Os impactos globais das tecnologias de reconhecimento facial v\u00e3o estar no centro da investiga\u00e7\u00e3o de Helena Machado do CRIA - Universidade do Minho \/ IN2PAST nos pr\u00f3ximos cinco anos. O seu novo projeto, \u2018Reconhecimento Facial [...]<\/p>","protected":false},"author":1,"featured_media":0,"comment_status":"closed","ping_status":"closed","sticky":false,"template":"elementor_header_footer","format":"standard","meta":{"footnotes":""},"categories":[16],"tags":[],"class_list":["post-9928","post","type-post","status-publish","format-standard","hentry","category-news"],"_links":{"self":[{"href":"https:\/\/in2past.org\/pt\/wp-json\/wp\/v2\/posts\/9928","targetHints":{"allow":["GET"]}}],"collection":[{"href":"https:\/\/in2past.org\/pt\/wp-json\/wp\/v2\/posts"}],"about":[{"href":"https:\/\/in2past.org\/pt\/wp-json\/wp\/v2\/types\/post"}],"author":[{"embeddable":true,"href":"https:\/\/in2past.org\/pt\/wp-json\/wp\/v2\/users\/1"}],"replies":[{"embeddable":true,"href":"https:\/\/in2past.org\/pt\/wp-json\/wp\/v2\/comments?post=9928"}],"version-history":[{"count":7,"href":"https:\/\/in2past.org\/pt\/wp-json\/wp\/v2\/posts\/9928\/revisions"}],"predecessor-version":[{"id":9942,"href":"https:\/\/in2past.org\/pt\/wp-json\/wp\/v2\/posts\/9928\/revisions\/9942"}],"wp:attachment":[{"href":"https:\/\/in2past.org\/pt\/wp-json\/wp\/v2\/media?parent=9928"}],"wp:term":[{"taxonomy":"category","embeddable":true,"href":"https:\/\/in2past.org\/pt\/wp-json\/wp\/v2\/categories?post=9928"},{"taxonomy":"post_tag","embeddable":true,"href":"https:\/\/in2past.org\/pt\/wp-json\/wp\/v2\/tags?post=9928"}],"curies":[{"name":"wp","href":"https:\/\/api.w.org\/{rel}","templated":true}]}}