{"id":8790,"date":"2024-06-04T14:48:08","date_gmt":"2024-06-04T13:48:08","guid":{"rendered":"https:\/\/in2past.org\/?p=8790"},"modified":"2024-06-04T15:19:15","modified_gmt":"2024-06-04T14:19:15","slug":"project-van-goyen-goes-to-norway","status":"publish","type":"post","link":"https:\/\/in2past.org\/pt\/news\/project-van-goyen-goes-to-norway\/","title":{"rendered":"O projeto Van Goyen vai \u00e0 Noruega"},"content":{"rendered":"<div data-elementor-type=\"wp-post\" data-elementor-id=\"8790\" class=\"elementor elementor-8790\" data-elementor-post-type=\"post\">\n\t\t\t\t<div class=\"elementor-element elementor-element-8a9cc53 e-con-full e-flex e-con e-parent\" data-id=\"8a9cc53\" data-element_type=\"container\">\n\t\t\t\t<div class=\"elementor-element elementor-element-ae7a52e elementor-invisible elementor-widget elementor-widget-heading\" data-id=\"ae7a52e\" data-element_type=\"widget\" data-settings=\"{&quot;_animation&quot;:&quot;fadeInLeft&quot;}\" data-widget_type=\"heading.default\">\n\t\t\t\t<div class=\"elementor-widget-container\">\n\t\t\t\t\t<h2 class=\"elementor-heading-title elementor-size-default\">No InART2024 <\/h2>\t\t\t\t<\/div>\n\t\t\t\t<\/div>\n\t\t\t\t<div class=\"elementor-element elementor-element-8104cd2 elementor-invisible elementor-widget elementor-widget-heading\" data-id=\"8104cd2\" data-element_type=\"widget\" data-settings=\"{&quot;_animation&quot;:&quot;fadeInLeft&quot;}\" data-widget_type=\"heading.default\">\n\t\t\t\t<div class=\"elementor-widget-container\">\n\t\t\t\t\t<h2 class=\"elementor-heading-title elementor-size-default\"><b>O projeto 'Van Goyen' vai para a Noruega<\/b><\/h2>\t\t\t\t<\/div>\n\t\t\t\t<\/div>\n\t\t\t\t<div class=\"elementor-element elementor-element-5c4181a elementor-invisible elementor-widget elementor-widget-heading\" data-id=\"5c4181a\" data-element_type=\"widget\" data-settings=\"{&quot;_animation&quot;:&quot;fadeInLeft&quot;}\" data-widget_type=\"heading.default\">\n\t\t\t\t<div class=\"elementor-widget-container\">\n\t\t\t\t\t<h2 class=\"elementor-heading-title elementor-size-default\">Teaser do document\u00e1rio apresentado em Oslo<\/h2>\t\t\t\t<\/div>\n\t\t\t\t<\/div>\n\t\t\t\t<div class=\"elementor-element elementor-element-adcb541 elementor-invisible elementor-widget elementor-widget-heading\" data-id=\"adcb541\" data-element_type=\"widget\" data-settings=\"{&quot;_animation&quot;:&quot;fadeInLeft&quot;}\" data-widget_type=\"heading.default\">\n\t\t\t\t<div class=\"elementor-widget-container\">\n\t\t\t\t\t<h2 class=\"elementor-heading-title elementor-size-default\">04\/06\/2024<\/h2>\t\t\t\t<\/div>\n\t\t\t\t<\/div>\n\t\t\t\t<\/div>\n\t\t<div class=\"elementor-element elementor-element-5d39a8d e-con-full e-flex e-con e-parent\" data-id=\"5d39a8d\" data-element_type=\"container\">\n\t\t\t\t<div class=\"elementor-element elementor-element-fe2b1ab elementor-invisible elementor-widget elementor-widget-text-editor\" data-id=\"fe2b1ab\" data-element_type=\"widget\" data-settings=\"{&quot;_animation&quot;:&quot;fadeInLeft&quot;}\" data-widget_type=\"text-editor.default\">\n\t\t\t\t<div class=\"elementor-widget-container\">\n\t\t\t\t\t\t\t\t\t<p>O teaser oficial do document\u00e1rio sobre o projeto explorat\u00f3rio do IN2PAST \u2018The Materials and Techniques of Jan van Goyen: A Technical Study of Eight Small Paintings\u2019 acaba de ser estreado em Oslo, Noruega, no <a href=\"https:\/\/www.khm.uio.no\/english\/research\/inart2024\/\" target=\"_blank\" rel=\"noopener\">InART2024<\/a> - 6\u00aa Confer\u00eancia Internacional sobre Inova\u00e7\u00e3o na Investiga\u00e7\u00e3o e Tecnologia da Arte.<\/p><p>PI do projeto <a href=\"https:\/\/www.cienciavitae.pt\/portal\/D612-C1DB-FD3C\" target=\"_blank\" rel=\"noopener\">Sara Valadas<\/a>, HERCULES - Universidade de \u00c9vora \/ investigadora IN2PAST, apresentou o v\u00eddeo durante a sua comunica\u00e7\u00e3o oral \u2018Unlocking van Goyen's panels: a comprehensive study integrating dendrochronology, x-ray CT, and database comparison for technical art historical paintings insights\u2019.  O InART2024 come\u00e7ou hoje, 4 de junho<sup>th<\/sup>, e decorre at\u00e9 sexta-feira, 6 de junho<sup>th<\/sup>.<\/p><p>Financiado pelo IN2PAST, <a href=\"https:\/\/in2past.org\/pt\/exploratory-projects-jan-van-goyen\/\">projeto \u2018Van Goyen\u2019<\/a> \u00e9 o resultado de uma parceria com o <a href=\"https:\/\/www.museumedeirosealmeida.pt\" target=\"_blank\" rel=\"noopener\">Museu Medeiros e Almeida<\/a>, A equipa utilizou v\u00e1rias t\u00e9cnicas de an\u00e1lise, incluindo a tomografia computorizada de raios X e a data\u00e7\u00e3o dendrocronol\u00f3gica (o mesmo m\u00e9todo utilizado para determinar a idade de uma \u00e1rvore com base no crescimento dos an\u00e9is do seu tronco), para identificar as t\u00e1buas de madeira utilizadas. A equipa utilizou v\u00e1rias t\u00e9cnicas de an\u00e1lise, incluindo a tomografia computorizada de raios X e a data\u00e7\u00e3o dendrocronol\u00f3gica (o mesmo m\u00e9todo utilizado para determinar a idade de uma \u00e1rvore com base no crescimento dos an\u00e9is do seu tronco) para identificar as t\u00e1buas de madeira utilizadas por Van Goyen.<\/p>\t\t\t\t\t\t\t\t<\/div>\n\t\t\t\t<\/div>\n\t\t\t\t<\/div>\n\t\t<div class=\"elementor-element elementor-element-bbbec8a e-con-full e-flex e-con e-parent\" data-id=\"bbbec8a\" data-element_type=\"container\">\n\t\t\t\t<div class=\"elementor-element elementor-element-c05650c elementor-invisible elementor-widget elementor-widget-video\" data-id=\"c05650c\" data-element_type=\"widget\" data-settings=\"{&quot;youtube_url&quot;:&quot;https:\\\/\\\/youtu.be\\\/Eae1sb9XW5Y&quot;,&quot;_animation&quot;:&quot;fadeInLeft&quot;,&quot;start&quot;:0,&quot;video_type&quot;:&quot;youtube&quot;,&quot;controls&quot;:&quot;yes&quot;}\" data-widget_type=\"video.default\">\n\t\t\t\t<div class=\"elementor-widget-container\">\n\t\t\t\t\t\t\t<div class=\"elementor-wrapper elementor-open-inline\">\n\t\t\t<div class=\"elementor-video\"><\/div>\t\t<\/div>\n\t\t\t\t\t\t<\/div>\n\t\t\t\t<\/div>\n\t\t\t\t<\/div>\n\t\t<div class=\"elementor-element elementor-element-17108f9 e-flex e-con-boxed e-con e-parent\" data-id=\"17108f9\" data-element_type=\"container\">\n\t\t\t\t\t<div class=\"e-con-inner\">\n\t\t\t\t<div class=\"elementor-element elementor-element-295f5cf elementor-align-center elementor-invisible elementor-widget elementor-widget-button\" data-id=\"295f5cf\" data-element_type=\"widget\" data-settings=\"{&quot;_animation&quot;:&quot;fadeInLeft&quot;}\" data-widget_type=\"button.default\">\n\t\t\t\t<div class=\"elementor-widget-container\">\n\t\t\t\t\t\t\t\t\t<div class=\"elementor-button-wrapper\">\n\t\t\t\t\t<a class=\"elementor-button elementor-button-link elementor-size-xs\" href=\"https:\/\/in2past.org\/pt\/?page_id=1642\">\n\t\t\t\t\t\t<span class=\"elementor-button-content-wrapper\">\n\t\t\t\t\t\t\t\t\t<span class=\"elementor-button-text\">Todas as not\u00edcias<\/span>\n\t\t\t\t\t<\/span>\n\t\t\t\t\t<\/a>\n\t\t\t\t<\/div>\n\t\t\t\t\t\t\t\t<\/div>\n\t\t\t\t<\/div>\n\t\t\t\t\t<\/div>\n\t\t\t\t<\/div>\n\t\t\t\t<\/div>","protected":false},"excerpt":{"rendered":"<p>No InART2024 Projeto \u2018Van Goyen\u2019 vai para a Noruega Teaser do document\u00e1rio apresentado em Oslo 04\/06\/2024 O teaser oficial do document\u00e1rio sobre o projeto explorat\u00f3rio do IN2PAST \u2018The Materials and Techniques of Jan van Goyen: A Technical Study of Eight Small Paintings\u2019 acaba de ser estreado em Oslo, Noruega, no InART2024 - 6th International Conference on Innovation [...]<\/p>","protected":false},"author":1,"featured_media":8791,"comment_status":"closed","ping_status":"open","sticky":false,"template":"elementor_header_footer","format":"standard","meta":{"footnotes":""},"categories":[16],"tags":[],"class_list":["post-8790","post","type-post","status-publish","format-standard","has-post-thumbnail","hentry","category-news"],"_links":{"self":[{"href":"https:\/\/in2past.org\/pt\/wp-json\/wp\/v2\/posts\/8790","targetHints":{"allow":["GET"]}}],"collection":[{"href":"https:\/\/in2past.org\/pt\/wp-json\/wp\/v2\/posts"}],"about":[{"href":"https:\/\/in2past.org\/pt\/wp-json\/wp\/v2\/types\/post"}],"author":[{"embeddable":true,"href":"https:\/\/in2past.org\/pt\/wp-json\/wp\/v2\/users\/1"}],"replies":[{"embeddable":true,"href":"https:\/\/in2past.org\/pt\/wp-json\/wp\/v2\/comments?post=8790"}],"version-history":[{"count":4,"href":"https:\/\/in2past.org\/pt\/wp-json\/wp\/v2\/posts\/8790\/revisions"}],"predecessor-version":[{"id":8796,"href":"https:\/\/in2past.org\/pt\/wp-json\/wp\/v2\/posts\/8790\/revisions\/8796"}],"wp:featuredmedia":[{"embeddable":true,"href":"https:\/\/in2past.org\/pt\/wp-json\/wp\/v2\/media\/8791"}],"wp:attachment":[{"href":"https:\/\/in2past.org\/pt\/wp-json\/wp\/v2\/media?parent=8790"}],"wp:term":[{"taxonomy":"category","embeddable":true,"href":"https:\/\/in2past.org\/pt\/wp-json\/wp\/v2\/categories?post=8790"},{"taxonomy":"post_tag","embeddable":true,"href":"https:\/\/in2past.org\/pt\/wp-json\/wp\/v2\/tags?post=8790"}],"curies":[{"name":"wp","href":"https:\/\/api.w.org\/{rel}","templated":true}]}}