{"id":7038,"date":"2024-02-06T11:52:09","date_gmt":"2024-02-06T11:52:09","guid":{"rendered":"https:\/\/in2past.org\/?p=7038"},"modified":"2024-02-06T12:04:09","modified_gmt":"2024-02-06T12:04:09","slug":"filling-a-double-void-takes-vila-nova-de-santo-andre-to-funchal","status":"publish","type":"post","link":"https:\/\/in2past.org\/pt\/news\/filling-a-double-void-takes-vila-nova-de-santo-andre-to-funchal\/","title":{"rendered":"\"Preencher um Duplo Vazio\" leva Vila Nova de Santo Andr\u00e9 ao Funchal"},"content":{"rendered":"<div data-elementor-type=\"wp-post\" data-elementor-id=\"7038\" class=\"elementor elementor-7038\" data-elementor-post-type=\"post\">\n\t\t\t\t<div class=\"elementor-element elementor-element-564a5d8 e-con-full e-flex e-con e-parent\" data-id=\"564a5d8\" data-element_type=\"container\">\n\t\t<div class=\"elementor-element elementor-element-b7b7c7f e-con-full e-flex e-con e-child\" data-id=\"b7b7c7f\" data-element_type=\"container\">\n\t\t\t\t<div class=\"elementor-element elementor-element-7588e44 elementor-invisible elementor-widget elementor-widget-heading\" data-id=\"7588e44\" data-element_type=\"widget\" data-settings=\"{&quot;_animation&quot;:&quot;fadeInLeft&quot;}\" data-widget_type=\"heading.default\">\n\t\t\t\t<div class=\"elementor-widget-container\">\n\t\t\t\t\t<h2 class=\"elementor-heading-title elementor-size-default\">Confer\u00eancia Internacional de Estudos Fotogr\u00e1ficos <\/h2>\t\t\t\t<\/div>\n\t\t\t\t<\/div>\n\t\t\t\t<div class=\"elementor-element elementor-element-aacff62 elementor-invisible elementor-widget elementor-widget-heading\" data-id=\"aacff62\" data-element_type=\"widget\" data-settings=\"{&quot;_animation&quot;:&quot;fadeInLeft&quot;}\" data-widget_type=\"heading.default\">\n\t\t\t\t<div class=\"elementor-widget-container\">\n\t\t\t\t\t<h2 class=\"elementor-heading-title elementor-size-default\"><b>\"Preencher um Duplo Vazio\" leva Vila Nova de Santo Andr\u00e9 ao Funchal <\/b><\/h2>\t\t\t\t<\/div>\n\t\t\t\t<\/div>\n\t\t\t\t<div class=\"elementor-element elementor-element-f33f417 elementor-invisible elementor-widget elementor-widget-heading\" data-id=\"f33f417\" data-element_type=\"widget\" data-settings=\"{&quot;_animation&quot;:&quot;fadeInLeft&quot;}\" data-widget_type=\"heading.default\">\n\t\t\t\t<div class=\"elementor-widget-container\">\n\t\t\t\t\t<h2 class=\"elementor-heading-title elementor-size-default\">Paulo Catrica fala sobre o projeto explorat\u00f3rio IN2PAST<\/h2>\t\t\t\t<\/div>\n\t\t\t\t<\/div>\n\t\t\t\t<div class=\"elementor-element elementor-element-3aacb8b elementor-invisible elementor-widget elementor-widget-heading\" data-id=\"3aacb8b\" data-element_type=\"widget\" data-settings=\"{&quot;_animation&quot;:&quot;fadeInLeft&quot;}\" data-widget_type=\"heading.default\">\n\t\t\t\t<div class=\"elementor-widget-container\">\n\t\t\t\t\t<h2 class=\"elementor-heading-title elementor-size-default\">25\/01\/2024<\/h2>\t\t\t\t<\/div>\n\t\t\t\t<\/div>\n\t\t\t\t<div class=\"elementor-element elementor-element-047887d elementor-invisible elementor-widget elementor-widget-text-editor\" data-id=\"047887d\" data-element_type=\"widget\" data-settings=\"{&quot;_animation&quot;:&quot;fadeInLeft&quot;}\" data-widget_type=\"text-editor.default\">\n\t\t\t\t<div class=\"elementor-widget-container\">\n\t\t\t\t\t\t\t\t\t<p>Integrada no projeto industrial de Sines, concebido pelo governo de Marcelo Caetano nos anos que antecederam o 25 de abril de 1974, Vila Nova de Santo Andr\u00e9 foi em grande parte constru\u00edda ap\u00f3s a revolu\u00e7\u00e3o, sofrendo a sua constru\u00e7\u00e3o de constantes recuos e hesita\u00e7\u00f5es em termos de orienta\u00e7\u00f5es econ\u00f3micas e pol\u00edticas. Caso \u00fanico em Portugal de um projeto urban\u00edstico para uma nova cidade, cinquenta anos ap\u00f3s o in\u00edcio da constru\u00e7\u00e3o de Santo Andr\u00e9 deparamo-nos com a aus\u00eancia de investiga\u00e7\u00e3o acad\u00e9mica capaz de promover uma vis\u00e3o e discuss\u00e3o cr\u00edtica desta obra.<\/p><p>\u00c9 para isso que a equipa do projeto explorat\u00f3rio IN2PAST \u2018Preenchendo um Duplo Vazio: Uma Revis\u00e3o Cr\u00edtica e Mnem\u00f3nica de Vila Nova de Santo Andr\u00e9, 1971-2021\u2019 pretende contribuir para isso, estimulando uma revis\u00e3o cr\u00edtica e mnem\u00f3nica da cidade de Vila Nova de Santo Andr\u00e9 atrav\u00e9s de um conjunto de iniciativas multidisciplinares, cruzando a hist\u00f3ria da matriz ideol\u00f3gica da arquitetura e do urbanismo com a hist\u00f3ria oral, a fotografia e a <a href=\"https:\/\/in2past.org\/pt\/events\/phd-in-anthropology-picm-2026-27\/\">antropologia<\/a>.<\/p><p>Investigador principal do projeto (PI), <a href=\"https:\/\/ihc.fcsh.unl.pt\/\" target=\"_blank\" rel=\"noopener\">IHC<\/a> \/ Investigador IN2PAST <a href=\"https:\/\/www.cienciavitae.pt\/portal\/B31E-0992-A80B\" target=\"_blank\" rel=\"noopener\">Paulo Catrica<\/a>, esteve no Funchal, Madeira, no in\u00edcio de dezembro, para uma apresenta\u00e7\u00e3o deste projeto intitulada \u2018Um Duplo Vazio: Uma Leitura Cr\u00edtica e Mnem\u00f3nica da Cidade Nova de Santo Andr\u00e9, 1971-2021\u2019, no <a href=\"https:\/\/confief-pt.netlify.app\/\" target=\"_blank\" rel=\"noopener\">Confer\u00eancia Internacional de Estudos Fotogr\u00e1ficos<\/a>. Subordinada ao tema \u2018Fotografia e S\u00edtio - Percursos, Cartografias e Derivas\u2019, a confer\u00eancia decorreu no Col\u00e9gio dos Jesu\u00edtas da Universidade da Madeira, de 4 de dezembro a 5 de dezembro.<sup>th<\/sup> para os 6<sup>th<\/sup>, 2023.<\/p><p>Saiba mais sobre o <a href=\"https:\/\/in2past.org\/pt\/exploratory-projects-filling-a-double-void\/\">este projeto explorat\u00f3rio<\/a>.<\/p>\t\t\t\t\t\t\t\t<\/div>\n\t\t\t\t<\/div>\n\t\t\t\t<\/div>\n\t\t<div class=\"elementor-element elementor-element-65b771f e-con-full e-flex elementor-invisible e-con e-child\" data-id=\"65b771f\" data-element_type=\"container\" data-settings=\"{&quot;animation&quot;:&quot;fadeInRight&quot;}\">\n\t\t\t\t<div class=\"elementor-element elementor-element-c67c99f elementor-widget elementor-widget-image\" data-id=\"c67c99f\" data-element_type=\"widget\" data-widget_type=\"image.default\">\n\t\t\t\t<div class=\"elementor-widget-container\">\n\t\t\t\t\t\t\t\t\t\t\t\t\t\t\t<img fetchpriority=\"high\" decoding=\"async\" width=\"800\" height=\"637\" src=\"https:\/\/in2past.org\/wp-content\/uploads\/2024\/02\/Lf679-1920x1529.jpg\" class=\"attachment-large size-large wp-image-7044\" alt=\"\" srcset=\"https:\/\/in2past.org\/wp-content\/uploads\/2024\/02\/Lf679-1920x1529.jpg 1920w, https:\/\/in2past.org\/wp-content\/uploads\/2024\/02\/Lf679-300x239.jpg 300w, https:\/\/in2past.org\/wp-content\/uploads\/2024\/02\/Lf679-768x612.jpg 768w, https:\/\/in2past.org\/wp-content\/uploads\/2024\/02\/Lf679-1536x1223.jpg 1536w, https:\/\/in2past.org\/wp-content\/uploads\/2024\/02\/Lf679-2048x1631.jpg 2048w\" sizes=\"(max-width: 800px) 100vw, 800px\" \/>\t\t\t\t\t\t\t\t\t\t\t\t\t\t\t<\/div>\n\t\t\t\t<\/div>\n\t\t\t\t<div class=\"elementor-element elementor-element-f4d337d elementor-widget elementor-widget-image\" data-id=\"f4d337d\" data-element_type=\"widget\" data-widget_type=\"image.default\">\n\t\t\t\t<div class=\"elementor-widget-container\">\n\t\t\t\t\t\t\t\t\t\t\t\t\t\t\t<img decoding=\"async\" width=\"800\" height=\"637\" src=\"https:\/\/in2past.org\/wp-content\/uploads\/2024\/02\/Lfc1074-1920x1528.jpg\" class=\"attachment-large size-large wp-image-7045\" alt=\"\" srcset=\"https:\/\/in2past.org\/wp-content\/uploads\/2024\/02\/Lfc1074-1920x1528.jpg 1920w, https:\/\/in2past.org\/wp-content\/uploads\/2024\/02\/Lfc1074-300x239.jpg 300w, https:\/\/in2past.org\/wp-content\/uploads\/2024\/02\/Lfc1074-768x611.jpg 768w, https:\/\/in2past.org\/wp-content\/uploads\/2024\/02\/Lfc1074-1536x1222.jpg 1536w, https:\/\/in2past.org\/wp-content\/uploads\/2024\/02\/Lfc1074-2048x1630.jpg 2048w\" sizes=\"(max-width: 800px) 100vw, 800px\" \/>\t\t\t\t\t\t\t\t\t\t\t\t\t\t\t<\/div>\n\t\t\t\t<\/div>\n\t\t\t\t<div class=\"elementor-element elementor-element-6087c5d elementor-widget elementor-widget-text-editor\" data-id=\"6087c5d\" data-element_type=\"widget\" data-widget_type=\"text-editor.default\">\n\t\t\t\t<div class=\"elementor-widget-container\">\n\t\t\t\t\t\t\t\t\t<p>Vila Nova de Santo Andr\u00e9 \u00a9 Paulo Catrica<\/p>\t\t\t\t\t\t\t\t<\/div>\n\t\t\t\t<\/div>\n\t\t\t\t<\/div>\n\t\t\t\t<\/div>\n\t\t<div class=\"elementor-element elementor-element-abb942c e-con-full e-flex e-con e-parent\" data-id=\"abb942c\" data-element_type=\"container\">\n\t\t\t\t<div class=\"elementor-element elementor-element-be01b62 elementor-align-center elementor-invisible elementor-widget elementor-widget-button\" data-id=\"be01b62\" data-element_type=\"widget\" data-settings=\"{&quot;_animation&quot;:&quot;fadeInLeft&quot;}\" data-widget_type=\"button.default\">\n\t\t\t\t<div class=\"elementor-widget-container\">\n\t\t\t\t\t\t\t\t\t<div class=\"elementor-button-wrapper\">\n\t\t\t\t\t<a class=\"elementor-button elementor-button-link elementor-size-xs\" href=\"https:\/\/in2past.org\/pt\/?page_id=1642\">\n\t\t\t\t\t\t<span class=\"elementor-button-content-wrapper\">\n\t\t\t\t\t\t\t\t\t<span class=\"elementor-button-text\">Todas as not\u00edcias<\/span>\n\t\t\t\t\t<\/span>\n\t\t\t\t\t<\/a>\n\t\t\t\t<\/div>\n\t\t\t\t\t\t\t\t<\/div>\n\t\t\t\t<\/div>\n\t\t\t\t<\/div>\n\t\t\t\t<\/div>","protected":false},"excerpt":{"rendered":"<p>Confer\u00eancia Internacional de Estudos de Fotografia \u2018Preenchendo um Duplo Vazio\u2019 leva Vila Nova de Santo Andr\u00e9 ao Funchal Paulo Catrica fala sobre o projeto explorat\u00f3rio IN2PAST 25\/01\/2024 Integrada no projeto industrial de Sines, concebido pelo governo de Marcelo Caetano nos anos que antecederam o 25 de abril de 1974, a Vila Nova de Santo Andr\u00e9 foi em grande parte constru\u00edda ap\u00f3s [...]<\/p>","protected":false},"author":1,"featured_media":0,"comment_status":"closed","ping_status":"open","sticky":false,"template":"elementor_header_footer","format":"standard","meta":{"footnotes":""},"categories":[16],"tags":[],"class_list":["post-7038","post","type-post","status-publish","format-standard","hentry","category-news"],"_links":{"self":[{"href":"https:\/\/in2past.org\/pt\/wp-json\/wp\/v2\/posts\/7038","targetHints":{"allow":["GET"]}}],"collection":[{"href":"https:\/\/in2past.org\/pt\/wp-json\/wp\/v2\/posts"}],"about":[{"href":"https:\/\/in2past.org\/pt\/wp-json\/wp\/v2\/types\/post"}],"author":[{"embeddable":true,"href":"https:\/\/in2past.org\/pt\/wp-json\/wp\/v2\/users\/1"}],"replies":[{"embeddable":true,"href":"https:\/\/in2past.org\/pt\/wp-json\/wp\/v2\/comments?post=7038"}],"version-history":[{"count":4,"href":"https:\/\/in2past.org\/pt\/wp-json\/wp\/v2\/posts\/7038\/revisions"}],"predecessor-version":[{"id":7048,"href":"https:\/\/in2past.org\/pt\/wp-json\/wp\/v2\/posts\/7038\/revisions\/7048"}],"wp:attachment":[{"href":"https:\/\/in2past.org\/pt\/wp-json\/wp\/v2\/media?parent=7038"}],"wp:term":[{"taxonomy":"category","embeddable":true,"href":"https:\/\/in2past.org\/pt\/wp-json\/wp\/v2\/categories?post=7038"},{"taxonomy":"post_tag","embeddable":true,"href":"https:\/\/in2past.org\/pt\/wp-json\/wp\/v2\/tags?post=7038"}],"curies":[{"name":"wp","href":"https:\/\/api.w.org\/{rel}","templated":true}]}}