{"id":4029,"date":"2023-11-07T11:31:56","date_gmt":"2023-11-07T11:31:56","guid":{"rendered":"https:\/\/in2past.org\/?p=4029"},"modified":"2023-12-05T21:40:41","modified_gmt":"2023-12-05T21:40:41","slug":"presentation-of-in2past-in-lisbon","status":"publish","type":"post","link":"https:\/\/in2past.org\/pt\/news\/presentation-of-in2past-in-lisbon\/","title":{"rendered":"Apresenta\u00e7\u00e3o do IN2PAST em Lisboa"},"content":{"rendered":"<div data-elementor-type=\"wp-post\" data-elementor-id=\"4029\" class=\"elementor elementor-4029\" data-elementor-post-type=\"post\">\n\t\t\t\t<div class=\"elementor-element elementor-element-a7eb4d1 e-con-full e-flex e-con e-parent\" data-id=\"a7eb4d1\" data-element_type=\"container\">\n\t\t<div class=\"elementor-element elementor-element-b09c643 e-con-full e-flex e-con e-child\" data-id=\"b09c643\" data-element_type=\"container\">\n\t\t\t\t<div class=\"elementor-element elementor-element-e1aa4de elementor-invisible elementor-widget elementor-widget-heading\" data-id=\"e1aa4de\" data-element_type=\"widget\" data-settings=\"{&quot;_animation&quot;:&quot;fadeInLeft&quot;}\" data-widget_type=\"heading.default\">\n\t\t\t\t<div class=\"elementor-widget-container\">\n\t\t\t\t\t<h2 class=\"elementor-heading-title elementor-size-default\">Apresenta\u00e7\u00e3o do IN2PAST <b>Associado<\/b> <b>Laborat\u00f3rio<br><\/b><b>em<\/b> <b>Lisboa<\/b><\/h2>\t\t\t\t<\/div>\n\t\t\t\t<\/div>\n\t\t\t\t<div class=\"elementor-element elementor-element-72b78a4 elementor-invisible elementor-widget elementor-widget-heading\" data-id=\"72b78a4\" data-element_type=\"widget\" data-settings=\"{&quot;_animation&quot;:&quot;fadeInLeft&quot;}\" data-widget_type=\"heading.default\">\n\t\t\t\t<div class=\"elementor-widget-container\">\n\t\t\t\t\t<h2 class=\"elementor-heading-title elementor-size-default\">05\/12\/2022<\/h2>\t\t\t\t<\/div>\n\t\t\t\t<\/div>\n\t\t\t\t<div class=\"elementor-element elementor-element-02b4152 elementor-invisible elementor-widget elementor-widget-text-editor\" data-id=\"02b4152\" data-element_type=\"widget\" data-settings=\"{&quot;_animation&quot;:&quot;fadeInLeft&quot;}\" data-widget_type=\"text-editor.default\">\n\t\t\t\t<div class=\"elementor-widget-container\">\n\t\t\t\t\t\t\t\t\t<p>Ap\u00f3s a aprova\u00e7\u00e3o da candidatura ao Estatuto de Laborat\u00f3rio Associado no concurso promovido pela Funda\u00e7\u00e3o para a Ci\u00eancia e a Tecnologia (FCT) em 2020\/2021, o IN2PAST est\u00e1 agora a dar os primeiros passos. No dia 2 de dezembro, o Laborat\u00f3rio Associado foi apresentado em Lisboa, na NOVA FCSH, ap\u00f3s reuni\u00f5es anteriores realizadas em \u00c9vora e Braga. Reunindo unidades de investiga\u00e7\u00e3o de v\u00e1rias \u00e1reas disciplinares (desde a Qu\u00edmica \u00e0 Hist\u00f3ria Contempor\u00e2nea, passando por <a href=\"https:\/\/in2past.org\/pt\/events\/phd-in-anthropology-picm-2026-27\/\">Antropologia<\/a>, Arqueologia, Arquitetura, Hist\u00f3ria da Arte e M\u00fasica), o IN2PAST junta-se \u00e0 Universidade de \u00c9vora, \u00e0 Universidade Nova de Lisboa, \u00e0 Universidade do Minho, ao Iscte-IUL e \u00e0 Universidade de Coimbra.<\/p><p>O acontecimento foi noticiado no <span style=\"text-decoration: underline;\"><a href=\"https:\/\/www.fcsh.unl.pt\/primeiro-laboratorio-associado-na-area-das-humanidades-apresentado-na-nova-fcsh\/\" target=\"_blank\" rel=\"noopener\">S\u00edtio Web da NOVA FCSH.<\/a><\/span><\/p>\t\t\t\t\t\t\t\t<\/div>\n\t\t\t\t<\/div>\n\t\t\t\t<\/div>\n\t\t<div class=\"elementor-element elementor-element-2475eca e-con-full e-flex elementor-invisible e-con e-child\" data-id=\"2475eca\" data-element_type=\"container\" data-settings=\"{&quot;animation&quot;:&quot;fadeInRight&quot;}\">\n\t\t\t\t<div class=\"elementor-element elementor-element-bcb0bf3 elementor-widget elementor-widget-image\" data-id=\"bcb0bf3\" data-element_type=\"widget\" data-widget_type=\"image.default\">\n\t\t\t\t<div class=\"elementor-widget-container\">\n\t\t\t\t\t\t\t\t\t\t\t\t\t\t\t\t<a href=\"http:\/\/in2past.org\/wp-content\/uploads\/2023\/08\/2.jpg\" data-elementor-open-lightbox=\"yes\" data-e-action-hash=\"#elementor-action%3Aaction%3Dlightbox%26settings%3DeyJpZCI6ODc4LCJ1cmwiOiJodHRwczpcL1wvaW4ycGFzdC5vcmdcL3dwLWNvbnRlbnRcL3VwbG9hZHNcLzIwMjNcLzA4XC8yLmpwZyJ9\">\n\t\t\t\t\t\t\t<img fetchpriority=\"high\" decoding=\"async\" width=\"800\" height=\"533\" src=\"https:\/\/in2past.org\/wp-content\/uploads\/2023\/08\/2.jpg\" class=\"attachment-large size-large wp-image-878\" alt=\"\" srcset=\"https:\/\/in2past.org\/wp-content\/uploads\/2023\/08\/2.jpg 800w, https:\/\/in2past.org\/wp-content\/uploads\/2023\/08\/elementor\/thumbs\/2-r96omn6h5v6hd1z1wyjpf2ag5lpixpedk1dqgbgbtc.jpg 300w, https:\/\/in2past.org\/wp-content\/uploads\/2023\/08\/2-768x512.jpg 768w\" sizes=\"(max-width: 800px) 100vw, 800px\" \/>\t\t\t\t\t\t\t\t<\/a>\n\t\t\t\t\t\t\t\t\t\t\t\t\t\t\t<\/div>\n\t\t\t\t<\/div>\n\t\t\t\t<div class=\"elementor-element elementor-element-bb59224 elementor-widget elementor-widget-text-editor\" data-id=\"bb59224\" data-element_type=\"widget\" data-widget_type=\"text-editor.default\">\n\t\t\t\t<div class=\"elementor-widget-container\">\n\t\t\t\t\t\t\t\t\t<p><strong>IMAGEM<\/strong> <span class=\"HwtZe\" lang=\"en\"><span class=\"jCAhz ChMk0b\"><span class=\"ryNqvb\">Da esquerda para a direita: Subdiretora Adjunta de Investiga\u00e7\u00e3o Cristina Brito; Manuel Pedro Ferreira, do CESEM; e Ant\u00f3nio Candeias, do HERCULES<\/span><\/span><\/span> <br \/>\u00a9 NOVA FCSH<\/p>\t\t\t\t\t\t\t\t<\/div>\n\t\t\t\t<\/div>\n\t\t\t\t<\/div>\n\t\t\t\t<\/div>\n\t\t<div class=\"elementor-element elementor-element-f7cd27c e-con-full e-flex e-con e-parent\" data-id=\"f7cd27c\" data-element_type=\"container\">\n\t\t\t\t<div class=\"elementor-element elementor-element-784225a elementor-align-center elementor-invisible elementor-widget elementor-widget-button\" data-id=\"784225a\" data-element_type=\"widget\" data-settings=\"{&quot;_animation&quot;:&quot;fadeInLeft&quot;}\" data-widget_type=\"button.default\">\n\t\t\t\t<div class=\"elementor-widget-container\">\n\t\t\t\t\t\t\t\t\t<div class=\"elementor-button-wrapper\">\n\t\t\t\t\t<a class=\"elementor-button elementor-button-link elementor-size-xs\" href=\"https:\/\/in2past.org\/pt\/?page_id=1642\">\n\t\t\t\t\t\t<span class=\"elementor-button-content-wrapper\">\n\t\t\t\t\t\t\t\t\t<span class=\"elementor-button-text\">Todas as not\u00edcias<\/span>\n\t\t\t\t\t<\/span>\n\t\t\t\t\t<\/a>\n\t\t\t\t<\/div>\n\t\t\t\t\t\t\t\t<\/div>\n\t\t\t\t<\/div>\n\t\t\t\t<\/div>\n\t\t\t\t<\/div>","protected":false},"excerpt":{"rendered":"<p>Apresenta\u00e7\u00e3o do Laborat\u00f3rio Associado IN2PAST em Lisboa 05\/12\/2022 Ap\u00f3s a aprova\u00e7\u00e3o da candidatura ao Estatuto de Laborat\u00f3rio Associado no concurso promovido pela Funda\u00e7\u00e3o para a Ci\u00eancia e a Tecnologia (FCT) em 2020\/2021, o IN2PAST est\u00e1 agora a dar os primeiros passos. No dia 2 de dezembro, o Laborat\u00f3rio Associado foi apresentado em Lisboa, na [...]<\/p>","protected":false},"author":1,"featured_media":0,"comment_status":"closed","ping_status":"open","sticky":false,"template":"elementor_header_footer","format":"standard","meta":{"footnotes":""},"categories":[16],"tags":[],"class_list":["post-4029","post","type-post","status-publish","format-standard","hentry","category-news"],"_links":{"self":[{"href":"https:\/\/in2past.org\/pt\/wp-json\/wp\/v2\/posts\/4029","targetHints":{"allow":["GET"]}}],"collection":[{"href":"https:\/\/in2past.org\/pt\/wp-json\/wp\/v2\/posts"}],"about":[{"href":"https:\/\/in2past.org\/pt\/wp-json\/wp\/v2\/types\/post"}],"author":[{"embeddable":true,"href":"https:\/\/in2past.org\/pt\/wp-json\/wp\/v2\/users\/1"}],"replies":[{"embeddable":true,"href":"https:\/\/in2past.org\/pt\/wp-json\/wp\/v2\/comments?post=4029"}],"version-history":[{"count":23,"href":"https:\/\/in2past.org\/pt\/wp-json\/wp\/v2\/posts\/4029\/revisions"}],"predecessor-version":[{"id":6407,"href":"https:\/\/in2past.org\/pt\/wp-json\/wp\/v2\/posts\/4029\/revisions\/6407"}],"wp:attachment":[{"href":"https:\/\/in2past.org\/pt\/wp-json\/wp\/v2\/media?parent=4029"}],"wp:term":[{"taxonomy":"category","embeddable":true,"href":"https:\/\/in2past.org\/pt\/wp-json\/wp\/v2\/categories?post=4029"},{"taxonomy":"post_tag","embeddable":true,"href":"https:\/\/in2past.org\/pt\/wp-json\/wp\/v2\/tags?post=4029"}],"curies":[{"name":"wp","href":"https:\/\/api.w.org\/{rel}","templated":true}]}}