{"id":20833,"date":"2026-03-08T12:38:00","date_gmt":"2026-03-08T12:38:00","guid":{"rendered":"https:\/\/in2past.org\/?p=20833"},"modified":"2026-03-12T17:24:29","modified_gmt":"2026-03-12T17:24:29","slug":"ifph-2026-lisbon","status":"publish","type":"post","link":"https:\/\/in2past.org\/pt\/events\/ifph-2026-lisbon\/","title":{"rendered":"IFPH 2026 Lisbon"},"content":{"rendered":"<div data-elementor-type=\"wp-post\" data-elementor-id=\"20833\" class=\"elementor elementor-20833\" data-elementor-post-type=\"post\">\n\t\t\t\t<div class=\"elementor-element elementor-element-fd76103 e-flex e-con-boxed e-con e-parent\" data-id=\"fd76103\" data-element_type=\"container\">\n\t\t\t\t\t<div class=\"e-con-inner\">\n\t\t<div class=\"elementor-element elementor-element-187fc4b e-con-full e-flex elementor-invisible e-con e-child\" data-id=\"187fc4b\" data-element_type=\"container\" data-settings=\"{&quot;animation&quot;:&quot;fadeInLeft&quot;}\">\n\t\t\t\t<div class=\"elementor-element elementor-element-34a2352 elementor-widget elementor-widget-heading\" data-id=\"34a2352\" data-element_type=\"widget\" data-widget_type=\"heading.default\">\n\t\t\t\t<div class=\"elementor-widget-container\">\n\t\t\t\t\t<h2 class=\"elementor-heading-title elementor-size-default\">IFPH 2026 Lisbon, 8\u00aa Confer\u00eancia Internacional de Hist\u00f3ria P\u00fablica\n<\/h2>\t\t\t\t<\/div>\n\t\t\t\t<\/div>\n\t\t\t\t<div class=\"elementor-element elementor-element-77bc66d elementor-widget elementor-widget-heading\" data-id=\"77bc66d\" data-element_type=\"widget\" data-widget_type=\"heading.default\">\n\t\t\t\t<div class=\"elementor-widget-container\">\n\t\t\t\t\t<h2 class=\"elementor-heading-title elementor-size-default\">A Hist\u00f3ria P\u00fablica dos Passados Dif\u00edceis<\/h2>\t\t\t\t<\/div>\n\t\t\t\t<\/div>\n\t\t\t\t<div class=\"elementor-element elementor-element-db46c7f elementor-widget elementor-widget-heading\" data-id=\"db46c7f\" data-element_type=\"widget\" data-widget_type=\"heading.default\">\n\t\t\t\t<div class=\"elementor-widget-container\">\n\t\t\t\t\t<h2 class=\"elementor-heading-title elementor-size-default\">Lisboa, 7 a 11 de setembro de 2026 <\/h2>\t\t\t\t<\/div>\n\t\t\t\t<\/div>\n\t\t\t\t<div class=\"elementor-element elementor-element-8f6b51d elementor-widget elementor-widget-heading\" data-id=\"8f6b51d\" data-element_type=\"widget\" data-widget_type=\"heading.default\">\n\t\t\t\t<div class=\"elementor-widget-container\">\n\t\t\t\t\t<h2 class=\"elementor-heading-title elementor-size-default\">10\/03\/2026<\/h2>\t\t\t\t<\/div>\n\t\t\t\t<\/div>\n\t\t\t\t<\/div>\n\t\t<div class=\"elementor-element elementor-element-b887cca e-con-full e-flex elementor-invisible e-con e-child\" data-id=\"b887cca\" data-element_type=\"container\" data-settings=\"{&quot;animation&quot;:&quot;fadeInRight&quot;}\">\n\t\t\t\t<div class=\"elementor-element elementor-element-3c4f37a elementor-widget elementor-widget-heading\" data-id=\"3c4f37a\" data-element_type=\"widget\" data-widget_type=\"heading.default\">\n\t\t\t\t<div class=\"elementor-widget-container\">\n\t\t\t\t\t<h2 class=\"elementor-heading-title elementor-size-default\">Confer\u00eancia Internacional<\/h2>\t\t\t\t<\/div>\n\t\t\t\t<\/div>\n\t\t\t\t<div class=\"elementor-element elementor-element-9be59c0 elementor-widget elementor-widget-heading\" data-id=\"9be59c0\" data-element_type=\"widget\" data-widget_type=\"heading.default\">\n\t\t\t\t<div class=\"elementor-widget-container\">\n\t\t\t\t\t<h2 class=\"elementor-heading-title elementor-size-default\">07-11\/11\/2026<\/h2>\t\t\t\t<\/div>\n\t\t\t\t<\/div>\n\t\t\t\t<div class=\"elementor-element elementor-element-14d9157 elementor-widget elementor-widget-heading\" data-id=\"14d9157\" data-element_type=\"widget\" data-widget_type=\"heading.default\">\n\t\t\t\t<div class=\"elementor-widget-container\">\n\t\t\t\t\t<h2 class=\"elementor-heading-title elementor-size-default\">Hor\u00e1rio a anunciar<\/h2>\t\t\t\t<\/div>\n\t\t\t\t<\/div>\n\t\t\t\t<div class=\"elementor-element elementor-element-7b3c538 elementor-widget elementor-widget-heading\" data-id=\"7b3c538\" data-element_type=\"widget\" data-widget_type=\"heading.default\">\n\t\t\t\t<div class=\"elementor-widget-container\">\n\t\t\t\t\t<h2 class=\"elementor-heading-title elementor-size-default\"><a href=\"https:\/\/maps.app.goo.gl\/VeKpvJrC3Rg2X3N9A\" target=\"_blank\">Col\u00e9gio Almada Negreiros<\/a><\/h2>\t\t\t\t<\/div>\n\t\t\t\t<\/div>\n\t\t\t\t<div class=\"elementor-element elementor-element-9eb0951 elementor-widget elementor-widget-heading\" data-id=\"9eb0951\" data-element_type=\"widget\" data-widget_type=\"heading.default\">\n\t\t\t\t<div class=\"elementor-widget-container\">\n\t\t\t\t\t<h2 class=\"elementor-heading-title elementor-size-default\"><a href=\"https:\/\/maps.app.goo.gl\/VeKpvJrC3Rg2X3N9A%20\" target=\"_blank\">Universidade NOVA de Lisboa,\nCampus de Campolide\n1099-085 Lisboa, Portugal\n<\/a><\/h2>\t\t\t\t<\/div>\n\t\t\t\t<\/div>\n\t\t\t\t<div class=\"elementor-element elementor-element-5d3f023 elementor-widget elementor-widget-heading\" data-id=\"5d3f023\" data-element_type=\"widget\" data-widget_type=\"heading.default\">\n\t\t\t\t<div class=\"elementor-widget-container\">\n\t\t\t\t\t<h2 class=\"elementor-heading-title elementor-size-default\">Organiza\u00e7\u00e3o<\/h2>\t\t\t\t<\/div>\n\t\t\t\t<\/div>\n\t\t\t\t<div class=\"elementor-element elementor-element-33143ff elementor-widget elementor-widget-heading\" data-id=\"33143ff\" data-element_type=\"widget\" data-widget_type=\"heading.default\">\n\t\t\t\t<div class=\"elementor-widget-container\">\n\t\t\t\t\t<h2 class=\"elementor-heading-title elementor-size-default\"><a href=\"https:\/\/ifph.hypotheses.org\/\">Federa\u00e7\u00e3o Internacional para a Hist\u00f3ria P\u00fablica (IFPH) e IN2PAST<\/a><\/h2>\t\t\t\t<\/div>\n\t\t\t\t<\/div>\n\t\t\t\t<div class=\"elementor-element elementor-element-30f3cca elementor-widget elementor-widget-heading\" data-id=\"30f3cca\" data-element_type=\"widget\" data-widget_type=\"heading.default\">\n\t\t\t\t<div class=\"elementor-widget-container\">\n\t\t\t\t\t<h2 class=\"elementor-heading-title elementor-size-default\">Registo<\/h2>\t\t\t\t<\/div>\n\t\t\t\t<\/div>\n\t\t\t\t<div class=\"elementor-element elementor-element-fdbd008 elementor-widget elementor-widget-heading\" data-id=\"fdbd008\" data-element_type=\"widget\" data-widget_type=\"heading.default\">\n\t\t\t\t<div class=\"elementor-widget-container\">\n\t\t\t\t\t<h2 class=\"elementor-heading-title elementor-size-default\">A anunciar<\/h2>\t\t\t\t<\/div>\n\t\t\t\t<\/div>\n\t\t\t\t<div class=\"elementor-element elementor-element-7503ac4 elementor-align-right elementor-mobile-align-center elementor-widget elementor-widget-button\" data-id=\"7503ac4\" data-element_type=\"widget\" data-widget_type=\"button.default\">\n\t\t\t\t<div class=\"elementor-widget-container\">\n\t\t\t\t\t\t\t\t\t<div class=\"elementor-button-wrapper\">\n\t\t\t\t\t<a class=\"elementor-button elementor-size-xs elementor-animation-shrink\" role=\"button\">\n\t\t\t\t\t\t<span class=\"elementor-button-content-wrapper\">\n\t\t\t\t\t\t\t\t\t<span class=\"elementor-button-text\">Brevemente<\/span>\n\t\t\t\t\t<\/span>\n\t\t\t\t\t<\/a>\n\t\t\t\t<\/div>\n\t\t\t\t\t\t\t\t<\/div>\n\t\t\t\t<\/div>\n\t\t\t\t<\/div>\n\t\t\t\t\t<\/div>\n\t\t\t\t<\/div>\n\t\t<div class=\"elementor-element elementor-element-0ba14e1 e-con-full e-flex e-con e-parent\" data-id=\"0ba14e1\" data-element_type=\"container\">\n\t\t<div class=\"elementor-element elementor-element-0385f4b animated-slow e-flex e-con-boxed elementor-invisible e-con e-child\" data-id=\"0385f4b\" data-element_type=\"container\" data-settings=\"{&quot;animation&quot;:&quot;fadeInLeft&quot;}\">\n\t\t\t\t\t<div class=\"e-con-inner\">\n\t\t\t\t<div class=\"elementor-element elementor-element-e4a24bf elementor-widget elementor-widget-text-editor\" data-id=\"e4a24bf\" data-element_type=\"widget\" data-widget_type=\"text-editor.default\">\n\t\t\t\t<div class=\"elementor-widget-container\">\n\t\t\t\t\t\t\t\t\t<p>Organizada pela Federa\u00e7\u00e3o Internacional para a Hist\u00f3ria P\u00fablica (IFPH, na sigla em ingl\u00eas), a <a href=\"https:\/\/ifph.hypotheses.org\/6522\" target=\"_blank\" rel=\"noopener\">8\u00aa Confer\u00eancia Internacional de Hist\u00f3ria P\u00fablica <\/a>realiza-se em Lisboa, Portugal, pela primeira vez, de 7 a 11 de setembro de 2026. A IFPH 2026 Lisbon ser\u00e1 acolhida pelo IN2PAST \u2013 Laborat\u00f3rio Associado para a Investiga\u00e7\u00e3o e Inova\u00e7\u00e3o em Patrim\u00f3nio, Artes, Sustentabilidade e Territ\u00f3rio, um cons\u00f3rcio transdisciplinar de sete centros de investiga\u00e7\u00e3o, no Col\u00e9gio Almada Negreiros, no campus de Campolide da Universidade NOVA de Lisboa.<\/p><p>Dedicada \u00e0 Hist\u00f3ria P\u00fablica dos Passados Dif\u00edceis, a 8.\u00aa Confer\u00eancia da IFPH procura desafiar o revisionismo hist\u00f3rico, amplificar vozes marginalizadas e promover di\u00e1logos transnacionais sobre reconcilia\u00e7\u00e3o, responsabiliza\u00e7\u00e3o e justi\u00e7a restaurativa, convidando \u00e0 partilha de contributos que explorem um dos mais de 25 subt\u00f3picos nos temas Contextos Hist\u00f3ricos e Processos Globais, Desafios Contempor\u00e2neos e Inova\u00e7\u00f5es Metodol\u00f3gicas, Vozes e Perspetivas, e Justi\u00e7a e Reconcilia\u00e7\u00e3o.<\/p><p>A <a href=\"https:\/\/in2past.org\/pt\/events\/ifph-lisbon-2026-call-for-papers-8th-international-conference-on-public-history\/\">chamada para propostas<\/a> decorreu entre 30 de setembro e 30 de novembro de 2025 e foi muito participada. Leia abaixo a sinopse da confer\u00eancia e algumas informa\u00e7\u00f5es pr\u00e1ticas sobre datas importantes, a localiza\u00e7\u00e3o e o local, transportes, alojamento e restaurantes perto do local da confer\u00eancia.<\/p><p>O IN2PAST \u00e9 representado na Comiss\u00e3o Diretiva da IFPH pela investigadora do IHC \u2013 NOVA FCSH <a href=\"https:\/\/www.cienciavitae.pt\/portal\/121E-0B29-DD0E\" target=\"_blank\" rel=\"noopener\">Joana Dias Pereira<\/a>.<\/p>\t\t\t\t\t\t\t\t<\/div>\n\t\t\t\t<\/div>\n\t\t\t\t\t<\/div>\n\t\t\t\t<\/div>\n\t\t<div class=\"elementor-element elementor-element-3d497f6 animated-slow e-flex e-con-boxed elementor-invisible e-con e-child\" data-id=\"3d497f6\" data-element_type=\"container\" data-settings=\"{&quot;animation&quot;:&quot;fadeInRight&quot;}\">\n\t\t\t\t\t<div class=\"e-con-inner\">\n\t\t\t\t<div class=\"elementor-element elementor-element-548a4ac elementor-widget__width-initial elementor-widget elementor-widget-image\" data-id=\"548a4ac\" data-element_type=\"widget\" data-widget_type=\"image.default\">\n\t\t\t\t<div class=\"elementor-widget-container\">\n\t\t\t\t\t\t\t\t\t\t\t\t\t\t\t\t<a href=\"https:\/\/in2past.org\/wp-content\/uploads\/2025\/10\/Peniche-Fortress_Fortim-Redondo_Paulo-\u2013-Flickr.jpg\" data-elementor-open-lightbox=\"yes\" data-e-action-hash=\"#elementor-action%3Aaction%3Dlightbox%26settings%3DeyJpZCI6MTY3OTcsInVybCI6Imh0dHBzOlwvXC9pbjJwYXN0Lm9yZ1wvd3AtY29udGVudFwvdXBsb2Fkc1wvMjAyNVwvMTBcL1BlbmljaGUtRm9ydHJlc3NfRm9ydGltLVJlZG9uZG9fUGF1bG8tXHUyMDEzLUZsaWNrci5qcGcifQ%3D%3D\">\n\t\t\t\t\t\t\t<img decoding=\"async\" src=\"https:\/\/in2past.org\/wp-content\/uploads\/elementor\/thumbs\/Peniche-Fortress_Fortim-Redondo_Paulo-\u2013-Flickr-re0jlndohtyplupxl5w6hlzdcqlk7u5teukjix1nw0.jpg\" title=\"Fortaleza de Peniche, Fortim Redondo, local do infame \u2018Segredo\u2019 (celas de isolamento)\" alt=\"Entrada principal do Fortim Redondo, Fortaleza de Peniche, com a sua pedra e tinta amarela descascada, contra um c\u00e9u azul riscado por nuvens brancas.\" loading=\"lazy\" \/>\t\t\t\t\t\t\t\t<\/a>\n\t\t\t\t\t\t\t\t\t\t\t\t\t\t\t<\/div>\n\t\t\t\t<\/div>\n\t\t\t\t<div class=\"elementor-element elementor-element-aeca1ea elementor-widget elementor-widget-text-editor\" data-id=\"aeca1ea\" data-element_type=\"widget\" data-widget_type=\"text-editor.default\">\n\t\t\t\t<div class=\"elementor-widget-container\">\n\t\t\t\t\t\t\t\t\t<p>Fortaleza de Peniche, Fortim Redondo, local do infame \"Segredo\" (celas de isolamento) \u00a9 <a href=\"https:\/\/www.flickr.com\/photos\/warl0rd\/7974438264\/\" target=\"_blank\" rel=\"noopener\">Paulo - Flickr<\/a> (<a href=\"https:\/\/creativecommons.org\/licenses\/by-nc-nd\/2.0\/deed.pt\" target=\"_blank\" rel=\"noopener\">CC BY-NC-ND 2.0<\/a>)<\/p>\t\t\t\t\t\t\t\t<\/div>\n\t\t\t\t<\/div>\n\t\t\t\t\t<\/div>\n\t\t\t\t<\/div>\n\t\t\t\t<\/div>\n\t\t<div class=\"elementor-element elementor-element-34db8a5 e-con-full animated-slow e-flex elementor-invisible e-con e-parent\" data-id=\"34db8a5\" data-element_type=\"container\" data-settings=\"{&quot;animation&quot;:&quot;fadeInUp&quot;}\">\n\t\t<div class=\"elementor-element elementor-element-984d0ae e-flex e-con-boxed e-con e-child\" data-id=\"984d0ae\" data-element_type=\"container\">\n\t\t\t\t\t<div class=\"e-con-inner\">\n\t\t\t\t<div class=\"elementor-element elementor-element-1c24a1a elementor-widget elementor-widget-n-accordion\" data-id=\"1c24a1a\" data-element_type=\"widget\" data-settings=\"{&quot;max_items_expended&quot;:&quot;multiple&quot;,&quot;default_state&quot;:&quot;expanded&quot;,&quot;n_accordion_animation_duration&quot;:{&quot;unit&quot;:&quot;ms&quot;,&quot;size&quot;:400,&quot;sizes&quot;:[]}}\" data-widget_type=\"nested-accordion.default\">\n\t\t\t\t<div class=\"elementor-widget-container\">\n\t\t\t\t\t\t\t<div class=\"e-n-accordion\" aria-label=\"Acorde\u00e3o. Abrir liga\u00e7\u00f5es com Enter ou Espa\u00e7o, fechar com Escape e navegar com Setas\">\n\t\t\t\t\t\t<details id=\"e-n-accordion-item-2950\" class=\"e-n-accordion-item\" open>\n\t\t\t\t<summary class=\"e-n-accordion-item-title\" data-accordion-index=\"1\" tabindex=\"0\" aria-expanded=\"true\" aria-controls=\"e-n-accordion-item-2950\" >\n\t\t\t\t\t<span class='e-n-accordion-item-title-header'><div class=\"e-n-accordion-item-title-text\"> Vis\u00e3o geral <\/div><\/span>\n\t\t\t\t\t\t\t<span class='e-n-accordion-item-title-icon'>\n\t\t\t<span class='e-opened' ><i aria-hidden=\"true\" class=\"fas fa-minus\"><\/i><\/span>\n\t\t\t<span class='e-closed'><i aria-hidden=\"true\" class=\"fas fa-plus\"><\/i><\/span>\n\t\t<\/span>\n\n\t\t\t\t\t\t<\/summary>\n\t\t\t\t<div role=\"region\" aria-labelledby=\"e-n-accordion-item-2950\" class=\"elementor-element elementor-element-67e3b3c e-flex e-con-boxed e-con e-child\" data-id=\"67e3b3c\" data-element_type=\"container\">\n\t\t\t\t\t<div class=\"e-con-inner\">\n\t\t\t\t<div class=\"elementor-element elementor-element-d8b694e elementor-widget elementor-widget-text-editor\" data-id=\"d8b694e\" data-element_type=\"widget\" data-settings=\"{&quot;_animation&quot;:&quot;none&quot;}\" data-widget_type=\"text-editor.default\">\n\t\t\t\t<div class=\"elementor-widget-container\">\n\t\t\t\t\t\t\t\t\t<p>A 8.\u00aa Confer\u00eancia Internacional de Hist\u00f3ria P\u00fablica, organizada pela Federa\u00e7\u00e3o Internacional para a Hist\u00f3ria P\u00fablica, IFPH, ter\u00e1 lugar em Lisboa de 7 a 11 de setembro de 2026. Ser\u00e1 acolhida pelo IN2PAST \u2013 Laborat\u00f3rio Associado para a Investiga\u00e7\u00e3o e Inova\u00e7\u00e3o em Patrim\u00f3nio, Artes, Sustentabilidade e Territ\u00f3rio, um cons\u00f3rcio transdisciplinar de sete centros de investiga\u00e7\u00e3o, no <a href=\"https:\/\/maps.app.goo.gl\/VeKpvJrC3Rg2X3N9A\" target=\"_blank\" rel=\"noopener\">Col\u00e9gio Almada Negreiros<\/a> no 'campus' de Campolide da Universidade NOVA de Lisboa.<\/p><p>Numa \u00e9poca em que se intensificam os ataques de movimentos de direita \u00e0 mem\u00f3ria, \u00e0 diversidade, aos direitos humanos, \u00e0 democracia e \u00e0 pr\u00f3pria hist\u00f3ria, a Federa\u00e7\u00e3o Internacional de Hist\u00f3ria P\u00fablica (IFPH, na sigla inglesa) reafirma o seu empenho em promover o envolvimento cr\u00edtico com as formas como as sociedades confrontam, interpretam e se relacionam com os seus passados dif\u00edceis e presentes desafiantes. A IFPH condena veementemente a proibi\u00e7\u00e3o de livros, a censura de narrativas hist\u00f3ricas, a vigil\u00e2ncia de estudantes e educadores, os ataques a locais de mem\u00f3ria e a imposi\u00e7\u00e3o de agendas ideol\u00f3gicas \u2014 em particular as distor\u00e7\u00f5es de direita \u2014, que n\u00e3o s\u00f3 amea\u00e7am a liberdade acad\u00e9mica como minam os pr\u00f3prios princ\u00edpios sobre os quais a hist\u00f3ria p\u00fablica \u00e9 constru\u00edda. Neste contexto, a confer\u00eancia procura desafiar o revisionismo hist\u00f3rico e o silenciamento, amplificar as vozes e mem\u00f3rias marginalizadas, e promover di\u00e1logos transnacionais sobre reconcilia\u00e7\u00e3o, responsabiliza\u00e7\u00e3o e justi\u00e7a restaurativa.<\/p><p>A Hist\u00f3ria P\u00fablica h\u00e1 muito que aborda processos hist\u00f3ricos globais, como o colonialismo, o tr\u00e1fico transatl\u00e2ntico de escravos e o genoc\u00eddio dos povos ind\u00edgenas, bem como fen\u00f3menos que emergem em m\u00faltiplos contextos, incluindo conflitos armados e ditaduras. A investiga\u00e7\u00e3o sobre o passado \u00e9 um compromisso pol\u00edtico e \u00e9tico que visa analisar a forma como os passados dif\u00edceis foram vividos e recordados por diferentes comunidades e indiv\u00edduos, garantindo que as suas perspetivas s\u00e3o reconhecidas e respeitadas. Ao mesmo tempo, o contacto com estas hist\u00f3rias atrav\u00e9s da Hist\u00f3ria P\u00fablica levanta desafios significativos. A partilha de autoridade com comunidades espec\u00edficas e a amplifica\u00e7\u00e3o de narrativas marginalizadas podem silenciar involuntariamente outras vozes, apresentando tamb\u00e9m dilemas \u00e9ticos complexos.<\/p><p>Al\u00e9m disso, a Hist\u00f3ria P\u00fablica atua na esfera p\u00fablica, envolvendo diversas audi\u00eancias e navegando por entre representa\u00e7\u00f5es concorrentes do passado, numa era cada vez mais marcada pela instrumentaliza\u00e7\u00e3o pol\u00edtica da Hist\u00f3ria e pela dissemina\u00e7\u00e3o de discursos revisionistas e negacionistas.<\/p>\t\t\t\t\t\t\t\t<\/div>\n\t\t\t\t<\/div>\n\t\t\t\t\t<\/div>\n\t\t\t\t<\/div>\n\t\t\t\t\t<\/details>\n\t\t\t\t\t\t<details id=\"e-n-accordion-item-2951\" class=\"e-n-accordion-item\" >\n\t\t\t\t<summary class=\"e-n-accordion-item-title\" data-accordion-index=\"2\" tabindex=\"-1\" aria-expanded=\"false\" aria-controls=\"e-n-accordion-item-2951\" >\n\t\t\t\t\t<span class='e-n-accordion-item-title-header'><div class=\"e-n-accordion-item-title-text\"> Informa\u00e7\u00f5es pr\u00e1ticas <\/div><\/span>\n\t\t\t\t\t\t\t<span class='e-n-accordion-item-title-icon'>\n\t\t\t<span class='e-opened' ><i aria-hidden=\"true\" class=\"fas fa-minus\"><\/i><\/span>\n\t\t\t<span class='e-closed'><i aria-hidden=\"true\" class=\"fas fa-plus\"><\/i><\/span>\n\t\t<\/span>\n\n\t\t\t\t\t\t<\/summary>\n\t\t\t\t<div role=\"region\" aria-labelledby=\"e-n-accordion-item-2951\" class=\"elementor-element elementor-element-45b227f e-con-full e-flex e-con e-child\" data-id=\"45b227f\" data-element_type=\"container\">\n\t\t<div role=\"region\" aria-labelledby=\"e-n-accordion-item-2951\" class=\"elementor-element elementor-element-2e06192 e-con-full e-flex e-con e-child\" data-id=\"2e06192\" data-element_type=\"container\">\n\t\t\t\t<div class=\"elementor-element elementor-element-e682a3f elementor-widget elementor-widget-text-editor\" data-id=\"e682a3f\" data-element_type=\"widget\" data-settings=\"{&quot;_animation&quot;:&quot;none&quot;}\" data-widget_type=\"text-editor.default\">\n\t\t\t\t<div class=\"elementor-widget-container\">\n\t\t\t\t\t\t\t\t\t<p><span style=\"text-decoration: underline;\"><strong><strong>1. Calend\u00e1rio<\/strong><\/strong><\/span><\/p><ul><li>An\u00fancio dos resultados da chamada: mar\u00e7o de 2026<\/li><li>Prazo de inscri\u00e7\u00e3o para participa\u00e7\u00e3o: 30 de abril de 2026<\/li><li>Programa da confer\u00eancia a disponibilizar por volta de junho de 2026<\/li><li>Prazo de inscri\u00e7\u00e3o para participa\u00e7\u00e3o no local: 31 de agosto de 2026<\/li><\/ul><p><span style=\"text-decoration: underline;\"><strong><strong><br \/>2. Espa\u00e7o e Localiza\u00e7\u00e3o<\/strong><\/strong><\/span><\/p><p>A 8\u00aa Confer\u00eancia Internacional de Hist\u00f3ria P\u00fablica ter\u00e1 lugar no <a href=\"https:\/\/maps.app.goo.gl\/WZbqvwkTtkDxjYg57\" target=\"_blank\" rel=\"noopener\">Col\u00e9gio Almada Negreiros<\/a> (CAN), situado mesmo acima do Parque Eduardo VII, no centro de Lisboa.<\/p><p>O 'campus' \u00e9 acess\u00edvel atrav\u00e9s do Metro \u2013 esta\u00e7\u00f5es de S\u00e3o Sebasti\u00e3o ou Pra\u00e7a de Espanha \u2013, autocarro ou a p\u00e9, a partir dos hot\u00e9is no centro da cidade, e disp\u00f5e de uma cafetaria no local para snacks e refei\u00e7\u00f5es ligeiras, bem como de uma cantina que serve refei\u00e7\u00f5es quentes.<\/p><p><strong><strong>Local do evento<\/strong><\/strong>: <a href=\"https:\/\/maps.app.goo.gl\/WZbqvwkTtkDxjYg57\" target=\"_blank\" rel=\"noopener\">Col\u00e9gio Almada Negreiros<\/a> (CAN), Lisboa<\/p><p>Rua da Mesquita (melhor entrada para quem vem de autocarro e comboio)<\/p><p>Travessa Est\u00eav\u00e3o Pinto (melhor entrada para quem vem por baixo)<\/p><p><span style=\"text-decoration: underline;\"><strong><strong><br \/>3. Transportes<\/strong><\/strong><\/span><\/p><p>Como chegar ao Col\u00e9gio Almada Negreiros:<\/p><p><strong><strong>De avi\u00e3o<\/strong><br \/><\/strong>O Aeroporto Humberto Delgado fica apenas a cerca de 7 km do centro de Lisboa, do Col\u00e9gio Almada Negreiros (CAN) e dos hot\u00e9is mais pr\u00f3ximos.<\/p><p><strong><strong>De Metro<\/strong><\/strong><br \/>Pode aceder a todos os mapas do Metro <a href=\"https:\/\/www.metrolisboa.pt\/en\/\" target=\"_blank\" rel=\"noopener\">aqui<\/a>. Existem paragens perto do CAN: S\u00e3o Sebasti\u00e3o, nas linhas Azul e Vermelha, e Pra\u00e7a de Espanha, na linha Azul.<\/p><p><strong><strong>De comboio<\/strong><\/strong><br \/>Saia na esta\u00e7\u00e3o Gare do Oriente, Santa Apol\u00f3nia, Roma-Areeiro, Entrecampos, Sete Rios ou Rossio, de onde pode apanhar o Metro para S\u00e3o Sebasti\u00e3o ou Pra\u00e7a de Espanha, esta\u00e7\u00f5es pr\u00f3ximas do CAN. Consulte todas as linhas ferrovi\u00e1rias <a href=\"https:\/\/www.cp.pt\/passageiros\/en\" target=\"_blank\" rel=\"noopener\">aqui<\/a>.<\/p><p><strong><strong>De autocarro<\/strong><br \/><\/strong>A paragem de autocarro mais pr\u00f3xima do Col\u00e9gio Almada Negreiros (CAN) \u00e9 a s<strong>topo <strong>Rua de Campolide (Escola)<\/strong><\/strong>. Pode aceder aos hor\u00e1rios e linhas dos autocarros da CARRIS <a href=\"https:\/\/www.carris.pt\/en\/\" target=\"_blank\" rel=\"noopener\">aqui<\/a>.<\/p><p><strong><strong>De autom\u00f3vel<\/strong><\/strong><br \/>Pode deslocar-se para qualquer ponto de Lisboa de t\u00e1xi ou utilizando um servi\u00e7o de aluguer de ve\u00edculos como os da Uber ou Bolt.<\/p>\t\t\t\t\t\t\t\t<\/div>\n\t\t\t\t<\/div>\n\t\t\t\t<\/div>\n\t\t<div role=\"region\" aria-labelledby=\"e-n-accordion-item-2951\" class=\"elementor-element elementor-element-317b228 e-con-full e-flex e-con e-child\" data-id=\"317b228\" data-element_type=\"container\">\n\t\t\t\t<div class=\"elementor-element elementor-element-0bb7daf elementor-widget elementor-widget-text-editor\" data-id=\"0bb7daf\" data-element_type=\"widget\" data-settings=\"{&quot;_animation&quot;:&quot;none&quot;}\" data-widget_type=\"text-editor.default\">\n\t\t\t\t<div class=\"elementor-widget-container\">\n\t\t\t\t\t\t\t\t\t<p><span style=\"text-decoration: underline;\"><strong><strong>4. Alojamento<\/strong><\/strong><\/span><\/p><p>Existem v\u00e1rias op\u00e7\u00f5es a considerar quando planear a sua estadia em Lisboa. Segue-se uma lista de hot\u00e9is perto do Col\u00e9gio Almada Negreiros (CAN):<\/p><ul><li>Hotel Real Parque | Av. Lu\u00eds B\u00edvar 67, 1069-146 Lisboa<\/li><li>Hotel Alif Avenidas | Av. Duque de \u00c1vila 189, 1050-053 Lisboa Duque de \u00c1vila 189, 1050-053 Lisboa<\/li><li>Ibis Lisboa Jose Malhoa Hotel | Avenida Jos\u00e9 Malhoa 10, 1070-158 Lisboa<\/li><li>Parque Central de Lisboa | Av. Sid\u00f3nio Pais 4, 1050-214 Lisboa Sid\u00f3nio Pais 4, 1050-214 Lisboa<\/li><li>Miraparque | Av. Sid\u00f3nio Pais 12, 1050-214 Lisboa Sid\u00f3nio Pais 12, 1050-214 Lisboa<\/li><li>SANA Rex | R. Castilho 169, 1070-051 Lisboa<\/li><li>SANA Malhoa Hotel | Av. Jos\u00e9 Malhoa 8, 1099-089 Lisboa Jos\u00e9 Malhoa 8, 1099-089 Lisboa<\/li><li>Turim Lisboa Hotel | R. Filipe Folque 20, 1050-113 Lisboa<\/li><li>VIP Executive Picoas Hotel | R. Filipe Folque 12, 1069-191 Lisboa<\/li><\/ul><p><span style=\"text-decoration: underline;\"><strong><strong><br \/>5. Restaurantes<\/strong><\/strong><\/span><\/p><p>Existem v\u00e1rias op\u00e7\u00f5es a considerar no que respeita a restaurantes ou bares. Segue-se uma lista de restaurantes perto do CAN:<\/p><ul><li>A Mesa do CAM | Centro de Arte Moderna Gulbenkian (CAM) | R. Dr. Nicolau Bettencourt, 1050-099 Lisboa<\/li><li>El Corte Ingl\u00e9s | Av. Ant\u00f3nio Augusto de Aguiar 31 Lisboa Ant\u00f3nio Augusto de Aguiar 31, Lisboa<\/li><li>Jaguar | Av. Conde Valbom 87. Conde Valbom 87, 1050-067 Lisboa<\/li><li>O\u00e1sis | R. Marqu\u00eas S\u00e1 da Bandeira 76, 1050-150 Lisboa<\/li><li>O Tacho | Avenida Ressano Garcia 5A, 1070-234 Lisboa<\/li><li>Pizzeria Maria | Avenida Ressano Garcia 7A, 1070-234 Lisboa<\/li><li>Restaurante Coreano K-BOB S\u00e3o Sebasti\u00e3o | Avenida Ressano Garcia 41A, 1070-234 Lisboa<\/li><\/ul>\t\t\t\t\t\t\t\t<\/div>\n\t\t\t\t<\/div>\n\t\t\t\t<\/div>\n\t\t\t\t<\/div>\n\t\t\t\t\t<\/details>\n\t\t\t\t\t<\/div>\n\t\t\t\t\t\t<\/div>\n\t\t\t\t<\/div>\n\t\t\t\t\t<\/div>\n\t\t\t\t<\/div>\n\t\t\t\t<\/div>\n\t\t<div class=\"elementor-element elementor-element-8b6fba2 e-con-full animated-slow e-flex elementor-invisible e-con e-parent\" data-id=\"8b6fba2\" data-element_type=\"container\" data-settings=\"{&quot;animation&quot;:&quot;fadeInUp&quot;}\">\n\t\t<div class=\"elementor-element elementor-element-a76a01e e-flex e-con-boxed e-con e-child\" data-id=\"a76a01e\" data-element_type=\"container\">\n\t\t\t\t\t<div class=\"e-con-inner\">\n\t\t\t\t<div class=\"elementor-element elementor-element-020181d elementor-widget elementor-widget-n-accordion\" data-id=\"020181d\" data-element_type=\"widget\" data-settings=\"{&quot;max_items_expended&quot;:&quot;multiple&quot;,&quot;default_state&quot;:&quot;expanded&quot;,&quot;n_accordion_animation_duration&quot;:{&quot;unit&quot;:&quot;ms&quot;,&quot;size&quot;:400,&quot;sizes&quot;:[]}}\" data-widget_type=\"nested-accordion.default\">\n\t\t\t\t<div class=\"elementor-widget-container\">\n\t\t\t\t\t\t\t<div class=\"e-n-accordion\" aria-label=\"Acorde\u00e3o. Abrir liga\u00e7\u00f5es com Enter ou Espa\u00e7o, fechar com Escape e navegar com Setas\">\n\t\t\t\t\t\t<details id=\"e-n-accordion-item-2100\" class=\"e-n-accordion-item\" open>\n\t\t\t\t<summary class=\"e-n-accordion-item-title\" data-accordion-index=\"1\" tabindex=\"0\" aria-expanded=\"true\" aria-controls=\"e-n-accordion-item-2100\" >\n\t\t\t\t\t<span class='e-n-accordion-item-title-header'><div class=\"e-n-accordion-item-title-text\"> Organiza\u00e7\u00e3o e apoios <\/div><\/span>\n\t\t\t\t\t\t\t<span class='e-n-accordion-item-title-icon'>\n\t\t\t<span class='e-opened' ><i aria-hidden=\"true\" class=\"fas fa-minus\"><\/i><\/span>\n\t\t\t<span class='e-closed'><i aria-hidden=\"true\" class=\"fas fa-plus\"><\/i><\/span>\n\t\t<\/span>\n\n\t\t\t\t\t\t<\/summary>\n\t\t\t\t<div role=\"region\" aria-labelledby=\"e-n-accordion-item-2100\" class=\"elementor-element elementor-element-3321195 e-flex e-con-boxed e-con e-child\" data-id=\"3321195\" data-element_type=\"container\">\n\t\t\t\t\t<div class=\"e-con-inner\">\n\t\t<div role=\"region\" aria-labelledby=\"e-n-accordion-item-2100\" class=\"elementor-element elementor-element-4cd4b6a e-con-full e-flex e-con e-child\" data-id=\"4cd4b6a\" data-element_type=\"container\">\n\t\t\t\t<div class=\"elementor-element elementor-element-aeb9a51 elementor-widget__width-initial elementor-widget elementor-widget-heading\" data-id=\"aeb9a51\" data-element_type=\"widget\" data-widget_type=\"heading.default\">\n\t\t\t\t<div class=\"elementor-widget-container\">\n\t\t\t\t\t<h2 class=\"elementor-heading-title elementor-size-default\">Comiss\u00e3o Organizadora (IN2PAST)<\/h2>\t\t\t\t<\/div>\n\t\t\t\t<\/div>\n\t\t\t\t<div class=\"elementor-element elementor-element-af8aed2 elementor-widget elementor-widget-text-editor\" data-id=\"af8aed2\" data-element_type=\"widget\" data-widget_type=\"text-editor.default\">\n\t\t\t\t<div class=\"elementor-widget-container\">\n\t\t\t\t\t\t\t\t\t<p><a href=\"https:\/\/www.cienciavitae.pt\/portal\/3E10-6B81-6614\" target=\"_blank\" rel=\"noopener\"><strong>Cristina Pratas Cruzeiro<\/strong><\/a>\u00a0(IHA \u2013 NOVA FCSH)<br \/><a href=\"https:\/\/www.cienciavitae.pt\/portal\/101B-E83A-5227\" target=\"_blank\" rel=\"noopener\">Giulia Strippoli<\/a>\u00a0(IHC \u2013 NOVA FCSH)<br \/><a href=\"https:\/\/www.cienciavitae.pt\/\/121E-0B29-DD0E\" target=\"_blank\" rel=\"noopener\"><strong>Joana Dias Pereira<\/strong><\/a>\u00a0(IHC \u2013 NOVA FCSH)<br \/><a href=\"https:\/\/www.cienciavitae.pt\/A61B-B5B9-E2B6\" target=\"_blank\" rel=\"noopener\"><strong>Joana Miguel Almeida<\/strong><\/a>\u00a0(CRIA \u2013 NOVA FCSH)<br \/><a href=\"https:\/\/www.cienciavitae.pt\/2617-9B93-37B8\" target=\"_blank\" rel=\"noopener\"><strong>Marta Prista<\/strong><\/a>\u00a0(CRIA \u2013 NOVA FCSH)<br \/><a href=\"https:\/\/www.cienciavitae.pt\/portal\/C110-0E1F-5905\" target=\"_blank\" rel=\"noopener\"><strong>Patr\u00edcia Roque Martins<\/strong><\/a>\u00a0(IHA \u2013 NOVA FCSH)<br \/><a href=\"https:\/\/www.cienciavitae.pt\/A01E-554C-E112\" target=\"_blank\" rel=\"noopener\"><strong>S\u00f3nia Vespeira de Almeida<\/strong><\/a>\u00a0(CRIA \u2013 NOVA FCSH)<\/p>\t\t\t\t\t\t\t\t<\/div>\n\t\t\t\t<\/div>\n\t\t\t\t<\/div>\n\t\t<div role=\"region\" aria-labelledby=\"e-n-accordion-item-2100\" class=\"elementor-element elementor-element-6138d14 e-con-full e-flex e-con e-child\" data-id=\"6138d14\" data-element_type=\"container\">\n\t\t\t\t<div class=\"elementor-element elementor-element-0c417bc elementor-widget elementor-widget-heading\" data-id=\"0c417bc\" data-element_type=\"widget\" data-widget_type=\"heading.default\">\n\t\t\t\t<div class=\"elementor-widget-container\">\n\t\t\t\t\t<h2 class=\"elementor-heading-title elementor-size-default\">Comiss\u00e3o Cient\u00edfica<\/h2>\t\t\t\t<\/div>\n\t\t\t\t<\/div>\n\t\t\t\t<div class=\"elementor-element elementor-element-69c2207 elementor-widget elementor-widget-text-editor\" data-id=\"69c2207\" data-element_type=\"widget\" data-widget_type=\"text-editor.default\">\n\t\t\t\t<div class=\"elementor-widget-container\">\n\t\t\t\t\t\t\t\t\t<p>2026 \u2013 novo\/a Presidente do IFPH<br \/><a href=\"https:\/\/www.cienciavitae.pt\/portal\/2214-7BB8-066E\" target=\"_blank\" rel=\"noopener\">Afonso Dias Ramos<\/a> (IHA \u2013 NOVA FCSH \/ IN2PAST)<br \/>Clarissa Ceglio (Instituto de Humanidades da UConn)<br \/><a href=\"https:\/\/www.cienciavitae.pt\/portal\/3E10-6B81-6614\" target=\"_blank\" rel=\"noopener\"><strong>Cristina Pratas Cruzeiro<\/strong><\/a>\u00a0(IHA \u2013 NOVA FCSH \/ IN2PAST)<br \/>David Dean (Universidade de Carleton, antigo membro da CD da IFPH)<br \/><a href=\"https:\/\/www.cienciavitae.pt\/portal\/101B-E83A-5227\" target=\"_blank\" rel=\"noopener\">Giulia Strippoli<\/a>\u00a0(IHC \u2013 NOVA FCSH \/ IN2PAST)<br \/>Gon\u00e7alo de Carvalho Amaro (Museu Nacional de Etnologia, Portugal)<br \/>Greg Smoak, (Universidade do Utah, EUA)\u00a0<br \/>Helena Elias (Faculdade de Belas Artes da Universidade de Lisboa)<br \/>Irmgard Zuendorf (IFPH) (Centro Leibniz de Hist\u00f3ria Contempor\u00e2nea, Potsdam, Alemanha)\u00a0<br \/>Jimena Perry (IFPH) (Universidade de Iona, EUA)\u00a0<br \/><a href=\"https:\/\/www.cienciavitae.pt\/\/121E-0B29-DD0E\" target=\"_blank\" rel=\"noopener\"><strong>Joana Dias Pereira<\/strong><\/a>\u00a0(IHC \u2013 NOVA FCSH \/ IN2PAST)<br \/><a href=\"https:\/\/www.cienciavitae.pt\/A61B-B5B9-E2B6\" target=\"_blank\" rel=\"noopener\"><strong>Joana Miguel Almeida<\/strong><\/a> (CRIA \u2013 NOVA FCSH \/ IN2PAST)<br \/>Joanna Wojdon - Co-Presidente (IFPH) (Universidade de Wroc\u0142aw, Pol\u00f3nia)\u00a0<\/p>\t\t\t\t\t\t\t\t<\/div>\n\t\t\t\t<\/div>\n\t\t\t\t<\/div>\n\t\t<div role=\"region\" aria-labelledby=\"e-n-accordion-item-2100\" class=\"elementor-element elementor-element-0a1e6d4 e-con-full e-flex e-con e-child\" data-id=\"0a1e6d4\" data-element_type=\"container\">\n\t\t\t\t<div class=\"elementor-element elementor-element-b9d175e elementor-widget elementor-widget-heading\" data-id=\"b9d175e\" data-element_type=\"widget\" data-widget_type=\"heading.default\">\n\t\t\t\t<div class=\"elementor-widget-container\">\n\t\t\t\t\t<h2 class=\"elementor-heading-title elementor-size-default\">Comiss\u00e3o Cient\u00edfico (cont.)<\/h2>\t\t\t\t<\/div>\n\t\t\t\t<\/div>\n\t\t\t\t<div class=\"elementor-element elementor-element-608250d elementor-widget elementor-widget-text-editor\" data-id=\"608250d\" data-element_type=\"widget\" data-widget_type=\"text-editor.default\">\n\t\t\t\t<div class=\"elementor-widget-container\">\n\t\t\t\t\t\t\t\t\t<p><a href=\"https:\/\/www.cienciavitae.pt\/portal\/8513-9D53-D4D0\" target=\"_blank\" rel=\"noopener\">Jo\u00e3o Mineiro<\/a> (CRIA \u2013 Iscte \/ IN2PAST)<br \/>Lindsey Walden (Universidade Estatal da Carolina do Norte)<br \/><a href=\"https:\/\/www.cienciavitae.pt\/5811-E258-D72B\" target=\"_blank\" rel=\"noopener\">Manuel Loff<\/a> (IHC \u2013 NOVA FCSH \/ IN2PAST)<br \/>Maria Malena Bedoya (Universidade de Manchester)<br \/><a href=\"https:\/\/www.cienciavitae.pt\/2617-9B93-37B8\" target=\"_blank\" rel=\"noopener\"><strong>Marta Prista<\/strong><\/a> (CRIA \u2013 NOVA FCSH \/ IN2PAST)<br \/>Miguel Cardina (Centro de Estudos Sociais da Universidade de Coimbra)<br \/>Na Li (IFPH, Universidade Nacional de Singapura)\u00a0<br \/>Noor Nieftagodien (Universidade de Witwatersrand)<br \/><a href=\"https:\/\/www.cienciavitae.pt\/portal\/C110-0E1F-5905\" target=\"_blank\" rel=\"noopener\"><strong>Patr\u00edcia Roque Martins<\/strong><\/a> (IHA \u2013 NOVA FCSH \/ IN2PAST)<br \/><a href=\"https:\/\/www.cienciavitae.pt\/portal\/4A11-E2B5-4D15\" target=\"_blank\" rel=\"noopener\">Paulo Jorge Fernandes<\/a> (IHC \u2013 NOVA FCSH \/ IN2PAST)<br \/><a href=\"https:\/\/www.cienciavitae.pt\/portal\/4817-43C5-FEF5\" target=\"_blank\" rel=\"noopener\">Pedro Aires Oliveira<\/a> (IHC - NOVA FCSH \/ IN2PAST)<br \/><a href=\"https:\/\/www.cienciavitae.pt\/A01E-554C-E112\" target=\"_blank\" rel=\"noopener\"><strong>S\u00f3nia Vespeira de Almeida<\/strong><\/a> (CRIA \u2013 NOVA FCSH \/ IN2PAST)<br \/>Tanya Evans - Presidente 2025, Presidente do IFPH (Macquarie University, Austr\u00e1lia)\u00a0<br \/>Thomas Cauvin, (Centro de Hist\u00f3ria Contempor\u00e2nea e Digital do Luxemburgo, Universidade do Luxemburgo)<\/p>\t\t\t\t\t\t\t\t<\/div>\n\t\t\t\t<\/div>\n\t\t\t\t<\/div>\n\t\t<div role=\"region\" aria-labelledby=\"e-n-accordion-item-2100\" class=\"elementor-element elementor-element-92be8da e-con-full e-flex e-con e-child\" data-id=\"92be8da\" data-element_type=\"container\">\n\t\t\t\t<div class=\"elementor-element elementor-element-d805aca elementor-widget elementor-widget-heading\" data-id=\"d805aca\" data-element_type=\"widget\" data-widget_type=\"heading.default\">\n\t\t\t\t<div class=\"elementor-widget-container\">\n\t\t\t\t\t<h2 class=\"elementor-heading-title elementor-size-default\">Email de contacto<\/h2>\t\t\t\t<\/div>\n\t\t\t\t<\/div>\n\t\t\t\t<div class=\"elementor-element elementor-element-28e8b73 elementor-widget elementor-widget-text-editor\" data-id=\"28e8b73\" data-element_type=\"widget\" data-widget_type=\"text-editor.default\">\n\t\t\t\t<div class=\"elementor-widget-container\">\n\t\t\t\t\t\t\t\t\t<p><a href=\"mailto:ifph2026lisbon@in2past.org\" target=\"_blank\" rel=\"noopener\">ifph2026lisbon@in2past.org<\/a><\/p>\t\t\t\t\t\t\t\t<\/div>\n\t\t\t\t<\/div>\n\t\t\t\t<div class=\"elementor-element elementor-element-c32a833 elementor-widget elementor-widget-heading\" data-id=\"c32a833\" data-element_type=\"widget\" data-widget_type=\"heading.default\">\n\t\t\t\t<div class=\"elementor-widget-container\">\n\t\t\t\t\t<h2 class=\"elementor-heading-title elementor-size-default\">APOIOS<\/h2>\t\t\t\t<\/div>\n\t\t\t\t<\/div>\n\t\t\t\t<div class=\"elementor-element elementor-element-832848a elementor-widget elementor-widget-text-editor\" data-id=\"832848a\" data-element_type=\"widget\" data-widget_type=\"text-editor.default\">\n\t\t\t\t<div class=\"elementor-widget-container\">\n\t\t\t\t\t\t\t\t\t<p>NOVA FCSH - CAN\u00a0<\/p>\t\t\t\t\t\t\t\t<\/div>\n\t\t\t\t<\/div>\n\t\t\t\t<\/div>\n\t\t\t\t\t<\/div>\n\t\t\t\t<\/div>\n\t\t\t\t\t<\/details>\n\t\t\t\t\t<\/div>\n\t\t\t\t\t\t<\/div>\n\t\t\t\t<\/div>\n\t\t\t\t\t<\/div>\n\t\t\t\t<\/div>\n\t\t\t\t<\/div>\n\t\t<div class=\"elementor-element elementor-element-b27b9eb e-con-full e-flex e-con e-parent\" data-id=\"b27b9eb\" data-element_type=\"container\">\n\t\t\t\t<div class=\"elementor-element elementor-element-da362be elementor-align-center elementor-invisible elementor-widget elementor-widget-button\" data-id=\"da362be\" data-element_type=\"widget\" data-settings=\"{&quot;_animation&quot;:&quot;fadeInLeft&quot;}\" data-widget_type=\"button.default\">\n\t\t\t\t<div class=\"elementor-widget-container\">\n\t\t\t\t\t\t\t\t\t<div class=\"elementor-button-wrapper\">\n\t\t\t\t\t<a class=\"elementor-button elementor-button-link elementor-size-xs\" href=\"https:\/\/in2past.org\/pt\/?page_id=1644\">\n\t\t\t\t\t\t<span class=\"elementor-button-content-wrapper\">\n\t\t\t\t\t\t\t\t\t<span class=\"elementor-button-text\">Todos os eventos<\/span>\n\t\t\t\t\t<\/span>\n\t\t\t\t\t<\/a>\n\t\t\t\t<\/div>\n\t\t\t\t\t\t\t\t<\/div>\n\t\t\t\t<\/div>\n\t\t\t\t<\/div>\n\t\t\t\t<\/div>","protected":false},"excerpt":{"rendered":"<p>IFPH 2026 Lisboa, 8\u00aa Confer\u00eancia Internacional de Hist\u00f3ria P\u00fablica A Hist\u00f3ria P\u00fablica de Passados Dif\u00edceis Lisboa, Portugal, 7-11 de setembro de 2026 10\/03\/2026 Confer\u00eancia Internacional 07-11\/11\/2026 Calend\u00e1rio TBA Col\u00e9gio Almada Negreiros Universidade NOVA de Lisboa, Campolide campus 1099-085 Lisboa, Portugal Organiza\u00e7\u00e3o Federa\u00e7\u00e3o Internacional de Hist\u00f3ria P\u00fablica (IFPH) &amp; IN2PAST Inscri\u00e7\u00e3o TBA Em breve Organizado pela International [...]<\/p>","protected":false},"author":1,"featured_media":16797,"comment_status":"closed","ping_status":"closed","sticky":false,"template":"elementor_header_footer","format":"standard","meta":{"footnotes":""},"categories":[15],"tags":[],"class_list":["post-20833","post","type-post","status-publish","format-standard","has-post-thumbnail","hentry","category-events"],"_links":{"self":[{"href":"https:\/\/in2past.org\/pt\/wp-json\/wp\/v2\/posts\/20833","targetHints":{"allow":["GET"]}}],"collection":[{"href":"https:\/\/in2past.org\/pt\/wp-json\/wp\/v2\/posts"}],"about":[{"href":"https:\/\/in2past.org\/pt\/wp-json\/wp\/v2\/types\/post"}],"author":[{"embeddable":true,"href":"https:\/\/in2past.org\/pt\/wp-json\/wp\/v2\/users\/1"}],"replies":[{"embeddable":true,"href":"https:\/\/in2past.org\/pt\/wp-json\/wp\/v2\/comments?post=20833"}],"version-history":[{"count":55,"href":"https:\/\/in2past.org\/pt\/wp-json\/wp\/v2\/posts\/20833\/revisions"}],"predecessor-version":[{"id":20909,"href":"https:\/\/in2past.org\/pt\/wp-json\/wp\/v2\/posts\/20833\/revisions\/20909"}],"wp:featuredmedia":[{"embeddable":true,"href":"https:\/\/in2past.org\/pt\/wp-json\/wp\/v2\/media\/16797"}],"wp:attachment":[{"href":"https:\/\/in2past.org\/pt\/wp-json\/wp\/v2\/media?parent=20833"}],"wp:term":[{"taxonomy":"category","embeddable":true,"href":"https:\/\/in2past.org\/pt\/wp-json\/wp\/v2\/categories?post=20833"},{"taxonomy":"post_tag","embeddable":true,"href":"https:\/\/in2past.org\/pt\/wp-json\/wp\/v2\/tags?post=20833"}],"curies":[{"name":"wp","href":"https:\/\/api.w.org\/{rel}","templated":true}]}}