{"id":16863,"date":"2025-07-31T18:47:00","date_gmt":"2025-07-31T17:47:00","guid":{"rendered":"https:\/\/in2past.org\/?p=16863"},"modified":"2026-01-23T06:18:17","modified_gmt":"2026-01-23T06:18:17","slug":"patrimonios-incomuns-meeting-in-coimbra","status":"publish","type":"post","link":"https:\/\/in2past.org\/pt\/events\/patrimonios-incomuns-meeting-in-coimbra\/","title":{"rendered":"Encontro \u2018Patrim\u00f3nios (In)Comuns\u2019 em Coimbra"},"content":{"rendered":"<div data-elementor-type=\"wp-post\" data-elementor-id=\"16863\" class=\"elementor elementor-16863\" data-elementor-post-type=\"post\">\n\t\t\t\t<div class=\"elementor-element elementor-element-e28cfb4 e-flex e-con-boxed e-con e-parent\" data-id=\"e28cfb4\" data-element_type=\"container\">\n\t\t\t\t\t<div class=\"e-con-inner\">\n\t\t<div class=\"elementor-element elementor-element-2c494e2 e-con-full e-flex elementor-invisible e-con e-child\" data-id=\"2c494e2\" data-element_type=\"container\" data-settings=\"{&quot;animation&quot;:&quot;fadeInLeft&quot;}\">\n\t\t\t\t<div class=\"elementor-element elementor-element-c5d8c50 elementor-widget elementor-widget-heading\" data-id=\"c5d8c50\" data-element_type=\"widget\" data-widget_type=\"heading.default\">\n\t\t\t\t<div class=\"elementor-widget-container\">\n\t\t\t\t\t<h2 class=\"elementor-heading-title elementor-size-default\">Patrim\u00f3nios (in)comuns<\/h2>\t\t\t\t<\/div>\n\t\t\t\t<\/div>\n\t\t\t\t<div class=\"elementor-element elementor-element-7334589 elementor-widget elementor-widget-heading\" data-id=\"7334589\" data-element_type=\"widget\" data-widget_type=\"heading.default\">\n\t\t\t\t<div class=\"elementor-widget-container\">\n\t\t\t\t\t<h2 class=\"elementor-heading-title elementor-size-default\">Perspetivas e legados n\u00e3o antropoc\u00eantricos para futuros mais-do-que-humanos\n<\/h2>\t\t\t\t<\/div>\n\t\t\t\t<\/div>\n\t\t\t\t<div class=\"elementor-element elementor-element-411c9c7 elementor-widget elementor-widget-heading\" data-id=\"411c9c7\" data-element_type=\"widget\" data-widget_type=\"heading.default\">\n\t\t\t\t<div class=\"elementor-widget-container\">\n\t\t\t\t\t<h2 class=\"elementor-heading-title elementor-size-default\">Col\u00e9gio das Artes da Universidade de Coimbra, <br>16 e 17 de outubro de 2025<\/h2>\t\t\t\t<\/div>\n\t\t\t\t<\/div>\n\t\t\t\t<div class=\"elementor-element elementor-element-d460576 elementor-widget elementor-widget-heading\" data-id=\"d460576\" data-element_type=\"widget\" data-widget_type=\"heading.default\">\n\t\t\t\t<div class=\"elementor-widget-container\">\n\t\t\t\t\t<h2 class=\"elementor-heading-title elementor-size-default\">31\/07\/2025 (Atualizado em 15\/09\/2025)<\/h2>\t\t\t\t<\/div>\n\t\t\t\t<\/div>\n\t\t\t\t<\/div>\n\t\t<div class=\"elementor-element elementor-element-57165e0 e-con-full e-flex elementor-invisible e-con e-child\" data-id=\"57165e0\" data-element_type=\"container\" data-settings=\"{&quot;animation&quot;:&quot;fadeInRight&quot;}\">\n\t\t\t\t<div class=\"elementor-element elementor-element-09dd6eb elementor-widget elementor-widget-heading\" data-id=\"09dd6eb\" data-element_type=\"widget\" data-widget_type=\"heading.default\">\n\t\t\t\t<div class=\"elementor-widget-container\">\n\t\t\t\t\t<h2 class=\"elementor-heading-title elementor-size-default\">Encontro<\/h2>\t\t\t\t<\/div>\n\t\t\t\t<\/div>\n\t\t\t\t<div class=\"elementor-element elementor-element-b92af4d elementor-widget elementor-widget-heading\" data-id=\"b92af4d\" data-element_type=\"widget\" data-widget_type=\"heading.default\">\n\t\t\t\t<div class=\"elementor-widget-container\">\n\t\t\t\t\t<h2 class=\"elementor-heading-title elementor-size-default\">16-17\/10\/2025<\/h2>\t\t\t\t<\/div>\n\t\t\t\t<\/div>\n\t\t\t\t<div class=\"elementor-element elementor-element-2988c72 elementor-widget elementor-widget-heading\" data-id=\"2988c72\" data-element_type=\"widget\" data-widget_type=\"heading.default\">\n\t\t\t\t<div class=\"elementor-widget-container\">\n\t\t\t\t\t<h2 class=\"elementor-heading-title elementor-size-default\">14h \u2013 19h<br>\n10h \u2013 18h30<\/br><\/h2>\t\t\t\t<\/div>\n\t\t\t\t<\/div>\n\t\t\t\t<div class=\"elementor-element elementor-element-f913e3b elementor-widget elementor-widget-heading\" data-id=\"f913e3b\" data-element_type=\"widget\" data-widget_type=\"heading.default\">\n\t\t\t\t<div class=\"elementor-widget-container\">\n\t\t\t\t\t<h2 class=\"elementor-heading-title elementor-size-default\">Col\u00e9gio das Artes, <br>Universidade de Coimbra<\/h2>\t\t\t\t<\/div>\n\t\t\t\t<\/div>\n\t\t\t\t<div class=\"elementor-element elementor-element-5d7bfc0 elementor-widget elementor-widget-heading\" data-id=\"5d7bfc0\" data-element_type=\"widget\" data-widget_type=\"heading.default\">\n\t\t\t\t<div class=\"elementor-widget-container\">\n\t\t\t\t\t<h2 class=\"elementor-heading-title elementor-size-default\"><a href=\"https:\/\/maps.app.goo.gl\/LLWCKxWZtxCgZv6AA\" target=\"_blank\">Pra\u00e7a Dom Dinis - Polo I\n3001-401 Coimbra\n<\/a><\/h2>\t\t\t\t<\/div>\n\t\t\t\t<\/div>\n\t\t\t\t<div class=\"elementor-element elementor-element-9491346 elementor-widget elementor-widget-heading\" data-id=\"9491346\" data-element_type=\"widget\" data-widget_type=\"heading.default\">\n\t\t\t\t<div class=\"elementor-widget-container\">\n\t\t\t\t\t<h2 class=\"elementor-heading-title elementor-size-default\">Organiza\u00e7\u00e3o<\/h2>\t\t\t\t<\/div>\n\t\t\t\t<\/div>\n\t\t\t\t<div class=\"elementor-element elementor-element-3b3ce68 elementor-widget elementor-widget-heading\" data-id=\"3b3ce68\" data-element_type=\"widget\" data-widget_type=\"heading.default\">\n\t\t\t\t<div class=\"elementor-widget-container\">\n\t\t\t\t\t<h2 class=\"elementor-heading-title elementor-size-default\">IN2PAST, CRIA, Lab2PT e CHAIA<\/h2>\t\t\t\t<\/div>\n\t\t\t\t<\/div>\n\t\t\t\t<div class=\"elementor-element elementor-element-5ca33dc elementor-widget elementor-widget-heading\" data-id=\"5ca33dc\" data-element_type=\"widget\" data-widget_type=\"heading.default\">\n\t\t\t\t<div class=\"elementor-widget-container\">\n\t\t\t\t\t<h2 class=\"elementor-heading-title elementor-size-default\">Em parceria com<\/h2>\t\t\t\t<\/div>\n\t\t\t\t<\/div>\n\t\t\t\t<div class=\"elementor-element elementor-element-a8e33bf elementor-widget elementor-widget-heading\" data-id=\"a8e33bf\" data-element_type=\"widget\" data-widget_type=\"heading.default\">\n\t\t\t\t<div class=\"elementor-widget-container\">\n\t\t\t\t\t<h2 class=\"elementor-heading-title elementor-size-default\">Col\u00e9gio das Artes, Universidade de Coimbra<\/h2>\t\t\t\t<\/div>\n\t\t\t\t<\/div>\n\t\t\t\t<div class=\"elementor-element elementor-element-2379fab elementor-align-right elementor-mobile-align-center elementor-widget elementor-widget-button\" data-id=\"2379fab\" data-element_type=\"widget\" data-widget_type=\"button.default\">\n\t\t\t\t<div class=\"elementor-widget-container\">\n\t\t\t\t\t\t\t\t\t<div class=\"elementor-button-wrapper\">\n\t\t\t\t\t<a class=\"elementor-button elementor-button-link elementor-size-xs elementor-animation-shrink\" href=\"https:\/\/in2past.org\/wp-content\/uploads\/2025\/10\/Patrimonios-InComuns_Programa_PDF_compressed.pdf\">\n\t\t\t\t\t\t<span class=\"elementor-button-content-wrapper\">\n\t\t\t\t\t\t\t\t\t<span class=\"elementor-button-text\">Descarregar PDF<\/span>\n\t\t\t\t\t<\/span>\n\t\t\t\t\t<\/a>\n\t\t\t\t<\/div>\n\t\t\t\t\t\t\t\t<\/div>\n\t\t\t\t<\/div>\n\t\t\t\t<\/div>\n\t\t\t\t\t<\/div>\n\t\t\t\t<\/div>\n\t\t<div class=\"elementor-element elementor-element-b57d3ec e-con-full e-flex e-con e-parent\" data-id=\"b57d3ec\" data-element_type=\"container\">\n\t\t<div class=\"elementor-element elementor-element-b985206 animated-slow e-flex e-con-boxed elementor-invisible e-con e-child\" data-id=\"b985206\" data-element_type=\"container\" data-settings=\"{&quot;animation&quot;:&quot;fadeInLeft&quot;}\">\n\t\t\t\t\t<div class=\"e-con-inner\">\n\t\t\t\t<div class=\"elementor-element elementor-element-93a3903 elementor-widget elementor-widget-text-editor\" data-id=\"93a3903\" data-element_type=\"widget\" data-widget_type=\"text-editor.default\">\n\t\t\t\t<div class=\"elementor-widget-container\">\n\t\t\t\t\t\t\t\t\t<p>O Encontro \"Patrim\u00f3nios (In)Comuns: Perspetivas e Legados N\u00e3o Antropoc\u00eantricos para Futuros Mais-do-que-humanos\" ter\u00e1 lugar nos dias 16 e 17 de outubro, no Col\u00e9gio das Artes da Universidade de Coimbra (UC), com o objetivo de convocar e provocar m\u00faltiplos di\u00e1logos entre as humanidades e as ci\u00eancias naturais, entre as ci\u00eancias, as artes e a arquitetura, entre o conhecimento gerado na academia e fora dela, sobre paisagens mais-do-que-humanas, em diferentes tempos e lugares.<\/p><p>Organizado pelo IN2PAST e pelos seus centros de investiga\u00e7\u00e3o CRIA, Lab2PT e CHAIA, em parceria com o Col\u00e9gio das Artes \u2013 UC, destina-se a investigadores, docentes e estudantes de mestrado e doutoramento de v\u00e1rias \u00e1reas disciplinares, acolhendo tamb\u00e9m p\u00fablico n\u00e3o acad\u00e9mico. A entrada \u00e9 livre, mas \u00e9 necess\u00e1ria inscri\u00e7\u00e3o pr\u00e9via, atrav\u00e9s deste <a href=\"https:\/\/forms.gle\/aqhEWf93YHJJ2q178\" target=\"_blank\" rel=\"noopener\">breve formul\u00e1rio<\/a>.<\/p><p>O encontro conta com o apoio do CAPC - C\u00edrculo de Artes Pl\u00e1sticas de Coimbra, do Departamento de Ci\u00eancias da Vida da UC (DCV - UC), do Programa Doutoral em <a href=\"https:\/\/in2past.org\/pt\/events\/phd-in-anthropology-picm-2026-27\/\">Antropologia<\/a> do DCV - UC e do Antropia - Blogue de Antropologia. O programa inclui comunica\u00e7\u00f5es e apresenta\u00e7\u00f5es de projectos de investiga\u00e7\u00e3o, um workshop (m\u00e1ximo 15 participantes), instala\u00e7\u00f5es, palestras performativas e a apresenta\u00e7\u00e3o de uma plataforma multim\u00e9dia. Veja o <a href=\"https:\/\/in2past.org\/wp-content\/uploads\/2025\/10\/Patrimonios-InComuns_Programa_PDF_compressed.pdf\">programa completo e resumos das sess\u00f5es<\/a> em formato PDF.<\/p>\t\t\t\t\t\t\t\t<\/div>\n\t\t\t\t<\/div>\n\t\t\t\t\t<\/div>\n\t\t\t\t<\/div>\n\t\t<div class=\"elementor-element elementor-element-2bfbd6a animated-slow e-flex e-con-boxed elementor-invisible e-con e-child\" data-id=\"2bfbd6a\" data-element_type=\"container\" data-settings=\"{&quot;animation&quot;:&quot;fadeInRight&quot;}\">\n\t\t\t\t\t<div class=\"e-con-inner\">\n\t\t\t\t<div class=\"elementor-element elementor-element-b58666f elementor-widget__width-initial elementor-widget elementor-widget-image\" data-id=\"b58666f\" data-element_type=\"widget\" data-widget_type=\"image.default\">\n\t\t\t\t<div class=\"elementor-widget-container\">\n\t\t\t\t\t\t\t\t\t\t\t\t\t\t\t\t<a href=\"https:\/\/in2past.org\/wp-content\/uploads\/2025\/10\/Patrimonios-InComuns_Instagram_verde.jpg\" data-elementor-open-lightbox=\"yes\" data-e-action-hash=\"#elementor-action%3Aaction%3Dlightbox%26settings%3DeyJpZCI6MTY4NjUsInVybCI6Imh0dHBzOlwvXC9pbjJwYXN0Lm9yZ1wvd3AtY29udGVudFwvdXBsb2Fkc1wvMjAyNVwvMTBcL1BhdHJpbW9uaW9zLUluQ29tdW5zX0luc3RhZ3JhbV92ZXJkZS5qcGcifQ%3D%3D\">\n\t\t\t\t\t\t\t<img decoding=\"async\" src=\"https:\/\/in2past.org\/wp-content\/uploads\/elementor\/thumbs\/Patrimonios-InComuns_Instagram_verde-re0q7o2f3jslj4zfq1r7vjpcl9flcn2wsxmudc4sa8.jpg\" title=\"Banner Patrim\u00f3nios (In)Comuns\" alt=\"Fotografia \u00a9 S\u00f3nia Mota Ribeiro, da s\u00e9rie Muito em pouco, 2018, colagem fotogr\u00e1fica\" loading=\"lazy\" \/>\t\t\t\t\t\t\t\t<\/a>\n\t\t\t\t\t\t\t\t\t\t\t\t\t\t\t<\/div>\n\t\t\t\t<\/div>\n\t\t\t\t<div class=\"elementor-element elementor-element-d834cc3 elementor-widget elementor-widget-text-editor\" data-id=\"d834cc3\" data-element_type=\"widget\" data-widget_type=\"text-editor.default\">\n\t\t\t\t<div class=\"elementor-widget-container\">\n\t\t\t\t\t\t\t\t\t<p>Fotografia \u00a9 S\u00f3nia Mota Ribeiro, da s\u00e9rie <em>Muito em pouco<\/em> (\u2018<em>Muito em pouco<\/em>, 2018, colagem fotogr\u00e1fica.<\/p>\t\t\t\t\t\t\t\t<\/div>\n\t\t\t\t<\/div>\n\t\t\t\t\t<\/div>\n\t\t\t\t<\/div>\n\t\t\t\t<\/div>\n\t\t<div class=\"elementor-element elementor-element-e24c3d0 e-con-full animated-slow e-flex elementor-invisible e-con e-parent\" data-id=\"e24c3d0\" data-element_type=\"container\" data-settings=\"{&quot;animation&quot;:&quot;fadeInUp&quot;}\">\n\t\t<div class=\"elementor-element elementor-element-c3e8941 e-flex e-con-boxed e-con e-child\" data-id=\"c3e8941\" data-element_type=\"container\">\n\t\t\t\t\t<div class=\"e-con-inner\">\n\t\t\t\t<div class=\"elementor-element elementor-element-616028a elementor-widget elementor-widget-n-accordion\" data-id=\"616028a\" data-element_type=\"widget\" data-settings=\"{&quot;max_items_expended&quot;:&quot;multiple&quot;,&quot;default_state&quot;:&quot;expanded&quot;,&quot;n_accordion_animation_duration&quot;:{&quot;unit&quot;:&quot;ms&quot;,&quot;size&quot;:400,&quot;sizes&quot;:[]}}\" data-widget_type=\"nested-accordion.default\">\n\t\t\t\t<div class=\"elementor-widget-container\">\n\t\t\t\t\t\t\t<div class=\"e-n-accordion\" aria-label=\"Acorde\u00e3o. Abrir liga\u00e7\u00f5es com Enter ou Espa\u00e7o, fechar com Escape e navegar com Setas\">\n\t\t\t\t\t\t<details id=\"e-n-accordion-item-1020\" class=\"e-n-accordion-item\" open>\n\t\t\t\t<summary class=\"e-n-accordion-item-title\" data-accordion-index=\"1\" tabindex=\"0\" aria-expanded=\"true\" aria-controls=\"e-n-accordion-item-1020\" >\n\t\t\t\t\t<span class='e-n-accordion-item-title-header'><div class=\"e-n-accordion-item-title-text\"> Sinopse <\/div><\/span>\n\t\t\t\t\t\t\t<span class='e-n-accordion-item-title-icon'>\n\t\t\t<span class='e-opened' ><i aria-hidden=\"true\" class=\"fas fa-minus\"><\/i><\/span>\n\t\t\t<span class='e-closed'><i aria-hidden=\"true\" class=\"fas fa-plus\"><\/i><\/span>\n\t\t<\/span>\n\n\t\t\t\t\t\t<\/summary>\n\t\t\t\t<div role=\"region\" aria-labelledby=\"e-n-accordion-item-1020\" class=\"elementor-element elementor-element-d179e8f e-flex e-con-boxed e-con e-child\" data-id=\"d179e8f\" data-element_type=\"container\">\n\t\t\t\t\t<div class=\"e-con-inner\">\n\t\t\t\t<div class=\"elementor-element elementor-element-70eeaf7 elementor-widget elementor-widget-text-editor\" data-id=\"70eeaf7\" data-element_type=\"widget\" data-settings=\"{&quot;_animation&quot;:&quot;none&quot;}\" data-widget_type=\"text-editor.default\">\n\t\t\t\t<div class=\"elementor-widget-container\">\n\t\t\t\t\t\t\t\t\t<p>Com o crescente impacto das atividades humanas no clima e ecossistemas, e os processos de degrada\u00e7\u00e3o ambiental, que amea\u00e7am a vida de diversas esp\u00e9cies, a nossa entre elas, tamb\u00e9m as fronteiras disciplinares e entre saberes se desfazem e se refazem. O Antropoceno acaba com a distin\u00e7\u00e3o, fundamental para as epistemologias e ontologias modernas, entre a ordem cosmol\u00f3gica e antropol\u00f3gica, entre natureza e humanidade (Latour 1994, 2017; Danowski e Viveiros de Castro 2015; Tsing 2019).<\/p><p>Cat\u00e1strofes clim\u00e1ticas e ambientais (secas, inunda\u00e7\u00f5es, inc\u00eandios, extin\u00e7\u00f5es biol\u00f3gicas, \u00e1guas contaminadas) intrometem-se no mundo humano e os outros mais-do-que-humanos (florestas, rios, plantas, animais, rochas, agentes atmosf\u00e9ricos) tornam-se atores hist\u00f3ricos e sujeitos pol\u00edticos, que as ci\u00eancias sociais e humanas j\u00e1 n\u00e3o podem deixar de considerar (Danowski e Viveiros de Castro 2015; Tsing 2015,2019; Descola 2022). Geopol\u00edtica e geof\u00edsica, hist\u00f3rias humanas e hist\u00f3rias naturais articulam-se.\u00a0<\/p><p>Este Encontro do IN2PAST pretende convocar e provocar m\u00faltiplos di\u00e1logos entre as humanidades e as ci\u00eancias naturais, entre as ci\u00eancias, as artes e a arquitetura, entre o conhecimento gerado na academia e fora dela, sobre paisagens mais do que humanas, em diferentes tempos e lugares.<\/p><p>No seguimento de estudos das d\u00e9cadas de 1980 e 1990 sobre a paisagem como texto, imagem, representa\u00e7\u00e3o e s\u00edmbolo, a materialidade da paisagem foi recuperada com a chamada \"viragem ontol\u00f3gica\", que questiona o excecionalismo humano e a Grande Divis\u00e3o entre os dom\u00ednios da Natureza e da cultura (Latour, 1994).<\/p><p>Novos estudos sobre a paisagem abrem espa\u00e7o para socialidades mais-do-que-humanas e mostram como animais, plantas, rochas e agentes atmosf\u00e9ricos s\u00e3o nossos companheiros no processo de habitar e construir mundos. As paisagens s\u00e3o formadas por assembleias multiesp\u00e9cies e materiais n\u00e3o vitais, por a\u00e7\u00f5es intencionais e n\u00e3o intencionais humanas e n\u00e3o-humanas, por entrela\u00e7amentos hist\u00f3ricos, apresentando-se, para Anna Tsing, como \u201csedimentos concretos de fluxos vitais, condi\u00e7\u00f5es atmosf\u00e9ricas, sonhos, mem\u00f3rias e representa\u00e7\u00f5es\u201d (Cardoso e Devos 219: 9).<\/p><p>Para Tsing, apesar ou devido ao sonho moderno de controlo humano sobre a \u201cNatureza\u201d, emergem no Antropoceno novas ecologias ferais, ecologias formadas por rea\u00e7\u00f5es n\u00e3o projetadas dos n\u00e3o humanos \u00e0s infraestruturas humanas, na sua maioria, social, cultural e ecologicamente destrutivas, mas tamb\u00e9m aquelas que se apresentam como avenidas de esperan\u00e7a, formas de resist\u00eancia, de humanos e n\u00e3o humanos, e modos de imaginar outros futuros poss\u00edveis para paisagens em ru\u00edna.<\/p><p>\u00c9 atrav\u00e9s deste panorama conceptual desafiador, no \u00e2mbito do mais-do-que-humano, que nos propomos refletir. O conceito de patrim\u00f3nio \u00e9 assim problematizado a partir de outras perspetivas que n\u00e3o s\u00f3 o descentram dos legados e apropria\u00e7\u00f5es exclusivamente humanas, sociais e culturais, passadas e presentes, como nos obrigam a pensar numa ideia de futuro partilhado constitu\u00eddo e constitutivo de m\u00faltiplas liga\u00e7\u00f5es bi\u00f3ticas e abi\u00f3ticas. \u00c9 de um patrim\u00f3nio comum de todos, ainda que com inscri\u00e7\u00f5es territoriais e culturais administrativa e politicamente geridas, a que apontamos.<\/p><p>O c\u00e9u, a atmosfera, o mar, a \u00e1gua, a terra, o solo, o vento, o ar, as montanhas e as pedras, entre tantos outros elementos dos quais todos dependemos e cujas apropria\u00e7\u00f5es em termos patrimoniais (de posse e propriedade) podem fazer perigar as vidas humanas e os equil\u00edbrios ecol\u00f3gicos, necess\u00e1rios \u00e0 exist\u00eancia do planeta, sem o seu cuidado como patrim\u00f3nio comum (de todos, incluindo todos os outros e tudo o resto para al\u00e9m dos humanos).<\/p><p>O programa do Encontro inclui comunica\u00e7\u00f5es e apresenta\u00e7\u00f5es de projetos de investiga\u00e7\u00e3o, uma oficina, instala\u00e7\u00f5es, confer\u00eancias performativas e a apresenta\u00e7\u00e3o de uma plataforma multim\u00e9dia.<\/p>\t\t\t\t\t\t\t\t<\/div>\n\t\t\t\t<\/div>\n\t\t\t\t\t<\/div>\n\t\t\t\t<\/div>\n\t\t\t\t\t<\/details>\n\t\t\t\t\t\t<details id=\"e-n-accordion-item-1021\" class=\"e-n-accordion-item\" >\n\t\t\t\t<summary class=\"e-n-accordion-item-title\" data-accordion-index=\"2\" tabindex=\"-1\" aria-expanded=\"false\" aria-controls=\"e-n-accordion-item-1021\" >\n\t\t\t\t\t<span class='e-n-accordion-item-title-header'><div class=\"e-n-accordion-item-title-text\"> Programa <\/div><\/span>\n\t\t\t\t\t\t\t<span class='e-n-accordion-item-title-icon'>\n\t\t\t<span class='e-opened' ><i aria-hidden=\"true\" class=\"fas fa-minus\"><\/i><\/span>\n\t\t\t<span class='e-closed'><i aria-hidden=\"true\" class=\"fas fa-plus\"><\/i><\/span>\n\t\t<\/span>\n\n\t\t\t\t\t\t<\/summary>\n\t\t\t\t<div role=\"region\" aria-labelledby=\"e-n-accordion-item-1021\" class=\"elementor-element elementor-element-3882f4f e-con-full e-flex e-con e-child\" data-id=\"3882f4f\" data-element_type=\"container\">\n\t\t<div role=\"region\" aria-labelledby=\"e-n-accordion-item-1021\" class=\"elementor-element elementor-element-ea9e40e e-con-full e-flex e-con e-child\" data-id=\"ea9e40e\" data-element_type=\"container\">\n\t\t\t\t<div class=\"elementor-element elementor-element-44dd411 elementor-widget elementor-widget-text-editor\" data-id=\"44dd411\" data-element_type=\"widget\" data-settings=\"{&quot;_animation&quot;:&quot;none&quot;}\" data-widget_type=\"text-editor.default\">\n\t\t\t\t<div class=\"elementor-widget-container\">\n\t\t\t\t\t\t\t\t\t<p class=\"cvGsUA direction-ltr align-start para-style-body\"><strong><span class=\"OYPEnA font-feature-liga-off font-feature-clig-off font-feature-calt-off text-decoration-none text-strikethrough-none\"><strong>16 de outubro (quinta-feira)<\/strong><\/span><\/strong><\/p><p><strong><strong>14h | Abertura do Encontro<\/strong><\/strong><\/p><p><strong><strong>14h30 \u2022 15h20 \\ <em>Altera\u00e7\u00f5es clim\u00e1ticas: Conversa aberta com Carlos<\/em><\/strong><br \/><strong><em>da C\u00e2mara e Paulo Magalh\u00e3es<\/em><\/strong><\/strong><br \/>Carlos da C\u00e2mara (Instituto Dom Luiz, Universidade de Lisboa) \u2022 Paulo Magalh\u00e3es (CIJ \u2013 Centro de Investiga\u00e7\u00e3o Interdisciplinar em Justi\u00e7a, Universidade do Porto \/ Casa Comum da Humanidade) \u2022 <em>Anfitri\u00e3o<\/em>: <a href=\"https:\/\/www.cienciavitae.pt\/portal\/601A-C8C4-9170\" target=\"_blank\" rel=\"noopener\">Paulo Mendes<\/a> (CRIA \u2013 Universidade do Minho \/ IN2PAST)<\/p><p><strong><strong>15h30 \u2022 16h20 \\ <em>Aspetos de uma pol\u00edtica do sens\u00edvel para paisagens mais-do-que-humanas<\/em><\/strong><\/strong><br \/>Dirk Michael Hennrich (Centro de Filosofia da Universidade de Lisboa) \u2022 <em>Anfitri\u00e3o<\/em>: <a href=\"https:\/\/www.cienciavitae.pt\/portal\/2319-EE34-BF15\" target=\"_blank\" rel=\"noopener\">Humberto Martins<\/a> (CRIA \u2013 Universidade do Minho \/ IN2PAST)<\/p><p><strong><strong>17h \u2022 17h50 \\ <em>Ecologias de Passagem<\/em><\/strong><\/strong><br \/><a href=\"https:\/\/www.cienciavitae.pt\/portal\/F71E-B3B0-4B7A\" target=\"_blank\" rel=\"noopener\">Miguel Duarte <\/a>(Lab2PT \u2013 Universidade do Minho \/ IN2PAST) \u2022<br \/><em>Anfitri\u00e3o<\/em>: <a href=\"https:\/\/www.cienciavitae.pt\/portal\/5A11-A8CA-345D\" target=\"_blank\" rel=\"noopener\">Pedro Guilherme<\/a> (CHAIA \u2013 Universidade de \u00c9vora \/ IN2PAST)<\/p><p><strong><strong>18h \\ <em>Vago_mundo<\/em><\/strong><\/strong><br \/>Marcelo Moscheta (Col\u00e9gio das Artes, Universidade de Coimbra) \u2022 <em>Anfitri\u00e3o<\/em>: <a href=\"https:\/\/www.cienciavitae.pt\/portal\/2319-EE34-BF15\" target=\"_blank\" rel=\"noopener\">Humberto Martins<\/a> (CRIA \u2013 Universidade do Minho \/ IN2PAST)<\/p>\t\t\t\t\t\t\t\t<\/div>\n\t\t\t\t<\/div>\n\t\t\t\t<\/div>\n\t\t<div role=\"region\" aria-labelledby=\"e-n-accordion-item-1021\" class=\"elementor-element elementor-element-593cea1 e-con-full e-flex e-con e-child\" data-id=\"593cea1\" data-element_type=\"container\">\n\t\t\t\t<div class=\"elementor-element elementor-element-e004d3b elementor-widget elementor-widget-text-editor\" data-id=\"e004d3b\" data-element_type=\"widget\" data-settings=\"{&quot;_animation&quot;:&quot;none&quot;}\" data-widget_type=\"text-editor.default\">\n\t\t\t\t<div class=\"elementor-widget-container\">\n\t\t\t\t\t\t\t\t\t<p><strong><span class=\"OYPEnA font-feature-liga-off font-feature-clig-off font-feature-calt-off text-decoration-none text-strikethrough-none\"><strong>17 de outubro (sexta-feira)<\/strong><\/span><\/strong><\/p><p><strong><strong>10 \u2022 10h50 \\ <em>A hist\u00f3ria do fogo e o fogo na hist\u00f3ria: conceitos,<\/em><\/strong><br \/><strong><em>m\u00e9todos e resultados do projeto FIREUSES \u2013 Paisagens de Fogo<\/em><\/strong><\/strong><br \/><a href=\"https:\/\/www.cienciavitae.pt\/en\/F714-EF0C-F454\" target=\"_blank\" rel=\"noopener\">Miguel Carmo<\/a> (Instituto de Hist\u00f3ria Contempor\u00e2nea \u2013 NOVA FCSH \/ IN2PAST) \u2022<br \/><em>Anfitri\u00e3o<\/em>: <a href=\"https:\/\/www.cienciavitae.pt\/portal\/C612-1AB8-B390\" target=\"_blank\" rel=\"noopener\">S\u00f3nia Mota Ribeiro<\/a> (CRIA \u2013 NOVA FCSH \/ IN2PAST)<\/p><p><strong><strong>11h \u2022 11h50 \\ <em>Do tr\u00e2nsito \u00e0 transi\u00e7\u00e3o: ruas para um habitat comum<\/em><\/strong><\/strong><br \/><a href=\"https:\/\/www.cienciavitae.pt\/portal\/D617-6ED1-FE70\" target=\"_blank\" rel=\"noopener\">Ivo Oliveira<\/a> (Lab2PT \u2013 Universidade do Minho \/ IN2PAST) \u2022 <em>Anfitri\u00e3o<\/em>: <a href=\"https:\/\/www.cienciavitae.pt\/portal\/CA10-E77F-7269\" target=\"_blank\" rel=\"noopener\">Rebeca Blanco-Rotea <\/a>(Lab2PT \u2013 Universidade do Minho \/ IN2PAST)<\/p><p><strong><strong>12h \u2022 12h50 \\ <em>Uma conversa bomb\u00e1stica sobre comunidades em torno das plantas e os seus polinizadores: as iniciativas Jardim Monte Formoso e S\u00e3o Flores, Coimbra<\/em><\/strong><\/strong><br \/>Catarina Maia (Projetos Jardim Monte Formoso e S\u00e3o Flores, Coimbra, coordenadora) \u2022 Jo\u00e3o Loureiro (Centro de Ecologia Funcional \/ Departamento de Ci\u00eancias da Vida, UC) \u2022<br \/><em>Anfitri\u00e3o<\/em>: <a href=\"https:\/\/www.cienciavitae.pt\/portal\/9C1D-F5EB-78C5\" target=\"_blank\" rel=\"noopener\">Sandra Xavier<\/a> (CRIA \u2013 Universidade de Coimbra \/ IN2PAST)<\/p><p><em>Nota: Apenas 15 pessoas podem participar na oficina mas todos os interessados podem participar na conversa simult\u00e2nea<\/em><\/p><p><strong><strong>13h \\ Almo\u00e7o<\/strong><\/strong><\/p><p><strong><strong>14h30 \u2022 15h20 \\ <em>Regenera\u00e7\u00e3o e revolu\u00e7\u00e3o: removendo a terra e revelando imagens do montado alentejano<\/em><\/strong><\/strong><br \/>Daniela Rodrigues (ANFAA \u2013 Amidex \/ IDEAS \u2013 amU) \u2022<br \/><em>Anfitri\u00e3o<\/em>: <a href=\"https:\/\/www.cienciavitae.pt\/portal\/C612-1AB8-B390\" target=\"_blank\" rel=\"noopener\">S\u00f3nia Mota Ribeiro<\/a> (CRIA \u2013 NOVA FCSH \/ IN2PAST)<\/p><p><strong><strong>15h30 \u2022 16h20 \\ <em>Vertigens metab\u00f3licas. Medita\u00e7\u00f5es inatuais sobre\npl\u00e1sticos, mercadorias, ontologias e outros fetiches<br \/><\/em><\/strong><\/strong><a href=\"https:\/\/www.cienciavitae.pt\/portal\/FD1B-C372-71D9\" target=\"_blank\" rel=\"noopener\">Ant\u00f3nio Pusceddu<\/a> (CRIA \u2013 Iscte \/ IN2PAST) \u2022 Anfitri\u00e3o: <a href=\"https:\/\/www.cienciavitae.pt\/3012-F245-DC98\" target=\"_blank\" rel=\"noopener\">Rui Llera Blanes<\/a> (CRIA \u2013 Iscte \/ IN2PAST)<\/p><p><strong><strong>16h30 \u2022 17h20 \\ <em>Embracing Landscapes<\/em><\/strong><\/strong><br \/><a href=\"https:\/\/cria.org.pt\/pt\/people\/s-kucukustel\" target=\"_blank\" rel=\"noopener\">Selcen K\u00fc\u00e7\u00fck\u00fcstel<\/a> (CRIA \u2013 Iscte \/ IN2PAST) \u2022 <em>Anfitri\u00e3o<\/em>: <a href=\"https:\/\/www.cienciavitae.pt\/3012-F245-DC98\" target=\"_blank\" rel=\"noopener\">Rui Llera Blanes<\/a> (CRIA \u2013 Iscte \/ IN2PAST)<\/p><p><strong><strong>17h30 \\ Encerramento<em> - Instala\u00e7\u00e3o coletiva \"Restos\/ Rastos\"<\/em><\/strong><\/strong><br \/>Todos os participantes \u2022 D\u00e9sir\u00e9e Pedro e Carlos Antunes (Departamento de Arquitetura, Universidade de Coimbra) \u2022 <a href=\"https:\/\/www.cienciavitae.pt\/portal\/CA14-BA82-721F\" target=\"_blank\" rel=\"noopener\">Paulo Raposo<\/a> (CRIA \u2013 Iscte \/ IN2PAST)<\/p>\t\t\t\t\t\t\t\t<\/div>\n\t\t\t\t<\/div>\n\t\t\t\t<\/div>\n\t\t\t\t<\/div>\n\t\t\t\t\t<\/details>\n\t\t\t\t\t\t<details id=\"e-n-accordion-item-1022\" class=\"e-n-accordion-item\" >\n\t\t\t\t<summary class=\"e-n-accordion-item-title\" data-accordion-index=\"3\" tabindex=\"-1\" aria-expanded=\"false\" aria-controls=\"e-n-accordion-item-1022\" >\n\t\t\t\t\t<span class='e-n-accordion-item-title-header'><div class=\"e-n-accordion-item-title-text\"> Organiza\u00e7\u00e3o e parceiros <\/div><\/span>\n\t\t\t\t\t\t\t<span class='e-n-accordion-item-title-icon'>\n\t\t\t<span class='e-opened' ><i aria-hidden=\"true\" class=\"fas fa-minus\"><\/i><\/span>\n\t\t\t<span class='e-closed'><i aria-hidden=\"true\" class=\"fas fa-plus\"><\/i><\/span>\n\t\t<\/span>\n\n\t\t\t\t\t\t<\/summary>\n\t\t\t\t<div role=\"region\" aria-labelledby=\"e-n-accordion-item-1022\" class=\"elementor-element elementor-element-1b7386c e-flex e-con-boxed e-con e-child\" data-id=\"1b7386c\" data-element_type=\"container\">\n\t\t\t\t\t<div class=\"e-con-inner\">\n\t\t<div role=\"region\" aria-labelledby=\"e-n-accordion-item-1022\" class=\"elementor-element elementor-element-f77c549 e-con-full e-flex e-con e-child\" data-id=\"f77c549\" data-element_type=\"container\">\n\t\t\t\t<div class=\"elementor-element elementor-element-0bca6fe elementor-widget__width-initial elementor-widget elementor-widget-heading\" data-id=\"0bca6fe\" data-element_type=\"widget\" data-widget_type=\"heading.default\">\n\t\t\t\t<div class=\"elementor-widget-container\">\n\t\t\t\t\t<h2 class=\"elementor-heading-title elementor-size-default\">Comiss\u00e3o Cient\u00edfica<\/h2>\t\t\t\t<\/div>\n\t\t\t\t<\/div>\n\t\t\t\t<div class=\"elementor-element elementor-element-be889f0 elementor-widget elementor-widget-text-editor\" data-id=\"be889f0\" data-element_type=\"widget\" data-widget_type=\"text-editor.default\">\n\t\t\t\t<div class=\"elementor-widget-container\">\n\t\t\t\t\t\t\t\t\t<p><a href=\"https:\/\/www.cienciavitae.pt\/portal\/B61D-5D30-9BCB\" target=\"_blank\" rel=\"noopener\"><strong><strong>Ana Moya<\/strong><\/strong><\/a> (CHAIA \u2013 Universidade de \u00c9vora \/ INPAST)<br \/><a href=\"https:\/\/www.cienciavitae.pt\/portal\/2319-EE34-BF15\" target=\"_blank\" rel=\"noopener\"><strong><strong>Humberto Martins<\/strong><\/strong><\/a> (CRIA \u2013 Universidade do Minho \/ IN2PAST)<br \/><a href=\"https:\/\/www.cienciavitae.pt\/portal\/601A-C8C4-9170\" target=\"_blank\" rel=\"noopener\"><strong><strong>Paulo Mendes<\/strong><\/strong><\/a> (CRIA \u2013 UMinho \/ IN2PAST)<br \/><a href=\"https:\/\/www.cienciavitae.pt\/portal\/CA14-BA82-721F\" target=\"_blank\" rel=\"noopener\"><strong><strong>Paulo Raposo<\/strong><\/strong><\/a> (CRIA \u2013 Iscte \/ IN2PAST)<br \/><a href=\"https:\/\/www.cienciavitae.pt\/3012-F245-DC98\" target=\"_blank\" rel=\"noopener\"><strong><strong>Ruy Llera Blanes<\/strong> <\/strong><\/a>(CRIA \u2013 Iscte \/ IN2PAST)<br \/><a href=\"https:\/\/www.cienciavitae.pt\/portal\/9C1D-F5EB-78C5\" target=\"_blank\" rel=\"noopener\"><strong><strong>Sandra Xavier<\/strong><\/strong><\/a> (CRIA \u2013 Universidade de Coimbra \/ IN2PAST)<br \/><a href=\"https:\/\/www.cienciavitae.pt\/portal\/C612-1AB8-B390\" target=\"_blank\" rel=\"noopener\"><strong><strong>S\u00f3nia Mota Ribeiro<\/strong><\/strong><\/a> (CRIA \u2013 NOVA FCSH \/ IN2PAST)<br \/><a href=\"https:\/\/www.cienciavitae.pt\/portal\/CA10-E77F-7269\" target=\"_blank\" rel=\"noopener\"><strong><strong>Rebeca Blanco-Rotea<\/strong><\/strong><\/a> (Lab2PT \u2013 UMinho \/ IN2PAST)<\/p>\t\t\t\t\t\t\t\t<\/div>\n\t\t\t\t<\/div>\n\t\t\t\t<\/div>\n\t\t<div role=\"region\" aria-labelledby=\"e-n-accordion-item-1022\" class=\"elementor-element elementor-element-c375707 e-con-full e-flex e-con e-child\" data-id=\"c375707\" data-element_type=\"container\">\n\t\t\t\t<div class=\"elementor-element elementor-element-8e16312 elementor-widget elementor-widget-heading\" data-id=\"8e16312\" data-element_type=\"widget\" data-widget_type=\"heading.default\">\n\t\t\t\t<div class=\"elementor-widget-container\">\n\t\t\t\t\t<h2 class=\"elementor-heading-title elementor-size-default\">Comiss\u00e3o Organizadora<\/h2>\t\t\t\t<\/div>\n\t\t\t\t<\/div>\n\t\t\t\t<div class=\"elementor-element elementor-element-c49ff39 elementor-widget elementor-widget-text-editor\" data-id=\"c49ff39\" data-element_type=\"widget\" data-widget_type=\"text-editor.default\">\n\t\t\t\t<div class=\"elementor-widget-container\">\n\t\t\t\t\t\t\t\t\t<p><a href=\"https:\/\/www.cienciavitae.pt\/portal\/2319-EE34-BF15\" target=\"_blank\" rel=\"noopener\"><strong><strong>Humberto Martins<\/strong><\/strong><\/a> (CRIA \u2013 Universidade do Minho \/ IN2PAST)<br \/><a href=\"https:\/\/www.cienciavitae.pt\/portal\/601A-C8C4-9170\" target=\"_blank\" rel=\"noopener\"><strong><strong>Paulo Mendes<\/strong><\/strong><\/a> (CRIA \u2013 UMinho \/ IN2PAST)<br \/><a href=\"https:\/\/www.cienciavitae.pt\/portal\/CA14-BA82-721F\" target=\"_blank\" rel=\"noopener\"><strong><strong>Paulo Raposo<\/strong><\/strong><\/a> (CRIA \u2013 Iscte \/ IN2PAST)<br \/><a href=\"https:\/\/www.cienciavitae.pt\/3012-F245-DC98\" target=\"_blank\" rel=\"noopener\"><strong><strong>Ruy Llera Blanes<\/strong> <\/strong><\/a>(CRIA \u2013 Iscte \/ IN2PAST)<br \/><a href=\"https:\/\/www.cienciavitae.pt\/portal\/9C1D-F5EB-78C5\" target=\"_blank\" rel=\"noopener\"><strong><strong>Sandra Xavier<\/strong><\/strong><\/a> (CRIA \u2013 Universidade de Coimbra \/ IN2PAST)<br \/><a href=\"https:\/\/www.cienciavitae.pt\/portal\/C612-1AB8-B390\" target=\"_blank\" rel=\"noopener\"><strong><strong>S\u00f3nia Mota Ribeiro<\/strong><\/strong><\/a> (CRIA \u2013 NOVA FCSH \/ IN2PAST)<\/p>\t\t\t\t\t\t\t\t<\/div>\n\t\t\t\t<\/div>\n\t\t\t\t<\/div>\n\t\t<div role=\"region\" aria-labelledby=\"e-n-accordion-item-1022\" class=\"elementor-element elementor-element-4ba10b9 e-con-full e-flex e-con e-child\" data-id=\"4ba10b9\" data-element_type=\"container\">\n\t\t\t\t<div class=\"elementor-element elementor-element-ade5870 elementor-widget elementor-widget-heading\" data-id=\"ade5870\" data-element_type=\"widget\" data-widget_type=\"heading.default\">\n\t\t\t\t<div class=\"elementor-widget-container\">\n\t\t\t\t\t<h2 class=\"elementor-heading-title elementor-size-default\">Comiss\u00e3o Organizadora Local<\/h2>\t\t\t\t<\/div>\n\t\t\t\t<\/div>\n\t\t\t\t<div class=\"elementor-element elementor-element-454686f elementor-widget elementor-widget-text-editor\" data-id=\"454686f\" data-element_type=\"widget\" data-widget_type=\"text-editor.default\">\n\t\t\t\t<div class=\"elementor-widget-container\">\n\t\t\t\t\t\t\t\t\t<p><a href=\"https:\/\/www.cienciavitae.pt\/portal\/9C1D-F5EB-78C5\" target=\"_blank\" rel=\"noopener\" data-wplink-edit=\"true\"><strong><strong>Sandra Xavier<\/strong><\/strong><\/a> (CRIA \u2013 UC \/ IN2PAST)<br \/><strong><strong>Jo\u00e3o Marto Pereira<\/strong><\/strong> (MAGAC, DCV \u2013 UC)<br \/><strong><strong>Joel Greg\u00f3rio<\/strong><\/strong> (MAGAC, DCV \u2013 UC)<br \/><a href=\"https:\/\/www.cienciavitae.pt\/portal\/DA12-7613-7965\" target=\"_blank\" rel=\"noopener\"><strong><strong>Filipe Olival<\/strong><\/strong><\/a> (CRIA \u2013 UC \/ IN2PAST)<br \/><strong><strong>Lu\u00eds Quintais<\/strong><\/strong> (Col\u00e9gio das Artes\/ DCV \u2013 UC)<\/p>\t\t\t\t\t\t\t\t<\/div>\n\t\t\t\t<\/div>\n\t\t\t\t<\/div>\n\t\t<div role=\"region\" aria-labelledby=\"e-n-accordion-item-1022\" class=\"elementor-element elementor-element-b4891f9 e-con-full e-flex e-con e-child\" data-id=\"b4891f9\" data-element_type=\"container\">\n\t\t\t\t<div class=\"elementor-element elementor-element-f510ff9 elementor-widget elementor-widget-heading\" data-id=\"f510ff9\" data-element_type=\"widget\" data-widget_type=\"heading.default\">\n\t\t\t\t<div class=\"elementor-widget-container\">\n\t\t\t\t\t<h2 class=\"elementor-heading-title elementor-size-default\">Parceria<\/h2>\t\t\t\t<\/div>\n\t\t\t\t<\/div>\n\t\t\t\t<div class=\"elementor-element elementor-element-427bdc1 elementor-widget elementor-widget-text-editor\" data-id=\"427bdc1\" data-element_type=\"widget\" data-widget_type=\"text-editor.default\">\n\t\t\t\t<div class=\"elementor-widget-container\">\n\t\t\t\t\t\t\t\t\t<p><a href=\"https:\/\/www.uc.pt\/colegioartes\/\" target=\"_blank\" rel=\"noopener\">Col\u00e9gio das Artes, Universidade de Coimbra<\/a><\/p>\t\t\t\t\t\t\t\t<\/div>\n\t\t\t\t<\/div>\n\t\t\t\t<div class=\"elementor-element elementor-element-f91518c elementor-widget elementor-widget-heading\" data-id=\"f91518c\" data-element_type=\"widget\" data-widget_type=\"heading.default\">\n\t\t\t\t<div class=\"elementor-widget-container\">\n\t\t\t\t\t<h2 class=\"elementor-heading-title elementor-size-default\">Apoios<\/h2>\t\t\t\t<\/div>\n\t\t\t\t<\/div>\n\t\t\t\t<div class=\"elementor-element elementor-element-0064723 elementor-widget elementor-widget-text-editor\" data-id=\"0064723\" data-element_type=\"widget\" data-widget_type=\"text-editor.default\">\n\t\t\t\t<div class=\"elementor-widget-container\">\n\t\t\t\t\t\t\t\t\t<p><a href=\"https:\/\/www.capcoimbra.org\/\" target=\"_blank\" rel=\"noopener\">CAPC \u2013 C\u00edrculo de Artes Pl\u00e1sticas de Coimbra<\/a><br \/><a href=\"https:\/\/www.uc.pt\/fctuc\/dcv\/\" target=\"_blank\" rel=\"noopener\">Departamento de Ci\u00eancias da Vida da Universidade de Coimbra<\/a><br \/><a href=\"https:\/\/www.uc.pt\/fctuc\/dcv\/doutoramentos\/doutoramento-em-antropologia\/\" target=\"_blank\" rel=\"noopener\">Programa de Doutoramento em Antropologia do DCV \u2013 UC<\/a><br \/><a href=\"https:\/\/antropia.hypotheses.org\/\" target=\"_blank\" rel=\"noopener\">Antropia \u2013 Blogue de Antropologia<\/a><\/p>\t\t\t\t\t\t\t\t<\/div>\n\t\t\t\t<\/div>\n\t\t\t\t<\/div>\n\t\t\t\t\t<\/div>\n\t\t\t\t<\/div>\n\t\t\t\t\t<\/details>\n\t\t\t\t\t<\/div>\n\t\t\t\t\t\t<\/div>\n\t\t\t\t<\/div>\n\t\t\t\t\t<\/div>\n\t\t\t\t<\/div>\n\t\t\t\t<\/div>\n\t\t<div class=\"elementor-element elementor-element-21d2880 e-con-full animated-slow e-flex elementor-invisible e-con e-parent\" data-id=\"21d2880\" data-element_type=\"container\" data-settings=\"{&quot;animation&quot;:&quot;fadeInUp&quot;}\">\n\t\t\t\t<div class=\"elementor-element elementor-element-2376865 elementor-align-center elementor-mobile-align-center elementor-widget elementor-widget-button\" data-id=\"2376865\" data-element_type=\"widget\" data-widget_type=\"button.default\">\n\t\t\t\t<div class=\"elementor-widget-container\">\n\t\t\t\t\t\t\t\t\t<div class=\"elementor-button-wrapper\">\n\t\t\t\t\t<a class=\"elementor-button elementor-button-link elementor-size-xs elementor-animation-shrink\" href=\"https:\/\/in2past.org\/pt\/?page_id=1644\">\n\t\t\t\t\t\t<span class=\"elementor-button-content-wrapper\">\n\t\t\t\t\t\t\t\t\t<span class=\"elementor-button-text\">Todos os eventos<\/span>\n\t\t\t\t\t<\/span>\n\t\t\t\t\t<\/a>\n\t\t\t\t<\/div>\n\t\t\t\t\t\t\t\t<\/div>\n\t\t\t\t<\/div>\n\t\t\t\t<\/div>\n\t\t\t\t<\/div>","protected":false},"excerpt":{"rendered":"<p>(Des)Patrim\u00f3nio Comum Perspectivas e legados n\u00e3o antropoc\u00eantricos para futuros mais-do-que-humanos Col\u00e9gio das Artes, Universidade de Coimbra, 16 e 17 de outubro 2025 31\/07\/2025 (Atualizado 15\/09\/2025) Encontro 16-17\/10\/2025 14h - 19h 10h - 18h30 Col\u00e9gio das Artes, Universidade de Coimbra Pra\u00e7a Dom Dinis - Polo I 3001-401 Coimbra Organiza\u00e7\u00e3o IN2PAST, CRIA, Lab2PT e CHAIA [...]<\/p>","protected":false},"author":1,"featured_media":16865,"comment_status":"closed","ping_status":"","sticky":false,"template":"elementor_header_footer","format":"standard","meta":{"footnotes":""},"categories":[15],"tags":[],"class_list":["post-16863","post","type-post","status-publish","format-standard","has-post-thumbnail","hentry","category-events"],"_links":{"self":[{"href":"https:\/\/in2past.org\/pt\/wp-json\/wp\/v2\/posts\/16863","targetHints":{"allow":["GET"]}}],"collection":[{"href":"https:\/\/in2past.org\/pt\/wp-json\/wp\/v2\/posts"}],"about":[{"href":"https:\/\/in2past.org\/pt\/wp-json\/wp\/v2\/types\/post"}],"author":[{"embeddable":true,"href":"https:\/\/in2past.org\/pt\/wp-json\/wp\/v2\/users\/1"}],"replies":[{"embeddable":true,"href":"https:\/\/in2past.org\/pt\/wp-json\/wp\/v2\/comments?post=16863"}],"version-history":[{"count":129,"href":"https:\/\/in2past.org\/pt\/wp-json\/wp\/v2\/posts\/16863\/revisions"}],"predecessor-version":[{"id":20902,"href":"https:\/\/in2past.org\/pt\/wp-json\/wp\/v2\/posts\/16863\/revisions\/20902"}],"wp:featuredmedia":[{"embeddable":true,"href":"https:\/\/in2past.org\/pt\/wp-json\/wp\/v2\/media\/16865"}],"wp:attachment":[{"href":"https:\/\/in2past.org\/pt\/wp-json\/wp\/v2\/media?parent=16863"}],"wp:term":[{"taxonomy":"category","embeddable":true,"href":"https:\/\/in2past.org\/pt\/wp-json\/wp\/v2\/categories?post=16863"},{"taxonomy":"post_tag","embeddable":true,"href":"https:\/\/in2past.org\/pt\/wp-json\/wp\/v2\/tags?post=16863"}],"curies":[{"name":"wp","href":"https:\/\/api.w.org\/{rel}","templated":true}]}}