{"id":12125,"date":"2025-01-30T17:20:56","date_gmt":"2025-01-30T17:20:56","guid":{"rendered":"https:\/\/in2past.org\/?p=12125"},"modified":"2026-01-13T18:08:22","modified_gmt":"2026-01-13T18:08:22","slug":"seminario-arquipelagos-em-dialogo-call-for-abstracts","status":"publish","type":"post","link":"https:\/\/in2past.org\/pt\/events\/seminario-arquipelagos-em-dialogo-call-for-abstracts\/","title":{"rendered":"Semin\u00e1rio Arquip\u00e9lagos em Di\u00e1logo call for abstracts"},"content":{"rendered":"<div data-elementor-type=\"wp-post\" data-elementor-id=\"12125\" class=\"elementor elementor-12125\" data-elementor-post-type=\"post\">\n\t\t\t\t<div class=\"elementor-element elementor-element-cc3811c e-con-full e-flex e-con e-parent\" data-id=\"cc3811c\" data-element_type=\"container\">\n\t\t\t\t<div class=\"elementor-element elementor-element-95eb142 elementor-widget elementor-widget-image\" data-id=\"95eb142\" data-element_type=\"widget\" data-widget_type=\"image.default\">\n\t\t\t\t<div class=\"elementor-widget-container\">\n\t\t\t\t\t\t\t\t\t\t\t\t\t\t\t<img fetchpriority=\"high\" decoding=\"async\" width=\"800\" height=\"264\" src=\"https:\/\/in2past.org\/wp-content\/uploads\/2025\/01\/arquipelagos_header_xss-1920x634.jpg\" class=\"attachment-large size-large wp-image-12128\" alt=\"\" srcset=\"https:\/\/in2past.org\/wp-content\/uploads\/2025\/01\/arquipelagos_header_xss-1920x634.jpg 1920w, https:\/\/in2past.org\/wp-content\/uploads\/2025\/01\/arquipelagos_header_xss-300x99.jpg 300w, https:\/\/in2past.org\/wp-content\/uploads\/2025\/01\/arquipelagos_header_xss-768x253.jpg 768w, https:\/\/in2past.org\/wp-content\/uploads\/2025\/01\/arquipelagos_header_xss-1536x507.jpg 1536w, https:\/\/in2past.org\/wp-content\/uploads\/2025\/01\/arquipelagos_header_xss-2048x676.jpg 2048w\" sizes=\"(max-width: 800px) 100vw, 800px\" \/>\t\t\t\t\t\t\t\t\t\t\t\t\t\t\t<\/div>\n\t\t\t\t<\/div>\n\t\t\t\t<\/div>\n\t\t<div class=\"elementor-element elementor-element-ff9b50b e-con-full e-flex e-con e-parent\" data-id=\"ff9b50b\" data-element_type=\"container\">\n\t\t<div class=\"elementor-element elementor-element-f94043d e-con-full e-flex e-con e-child\" data-id=\"f94043d\" data-element_type=\"container\">\n\t\t\t\t<div class=\"elementor-element elementor-element-9a834d8 elementor-invisible elementor-widget elementor-widget-heading\" data-id=\"9a834d8\" data-element_type=\"widget\" data-settings=\"{&quot;_animation&quot;:&quot;fadeInLeft&quot;}\" data-widget_type=\"heading.default\">\n\t\t\t\t<div class=\"elementor-widget-container\">\n\t\t\t\t\t<h2 class=\"elementor-heading-title elementor-size-default\">Prazo da chamada prorrogado at\u00e9 17 de fevereiro<\/h2>\t\t\t\t<\/div>\n\t\t\t\t<\/div>\n\t\t\t\t<div class=\"elementor-element elementor-element-6fc2975 elementor-invisible elementor-widget elementor-widget-heading\" data-id=\"6fc2975\" data-element_type=\"widget\" data-settings=\"{&quot;_animation&quot;:&quot;fadeInLeft&quot;}\" data-widget_type=\"heading.default\">\n\t\t\t\t<div class=\"elementor-widget-container\">\n\t\t\t\t\t<h2 class=\"elementor-heading-title elementor-size-default\">VI Semin\u00e1rio AEAULP: Arquip\u00e9lagos em Di\u00e1logo <\/h2>\t\t\t\t<\/div>\n\t\t\t\t<\/div>\n\t\t\t\t<div class=\"elementor-element elementor-element-1214f53 elementor-invisible elementor-widget elementor-widget-heading\" data-id=\"1214f53\" data-element_type=\"widget\" data-settings=\"{&quot;_animation&quot;:&quot;fadeInLeft&quot;}\" data-widget_type=\"heading.default\">\n\t\t\t\t<div class=\"elementor-widget-container\">\n\t\t\t\t\t<h2 class=\"elementor-heading-title elementor-size-default\">Encontro realiza-se em Cabo Verde, de 1 a 5 de dezembro de 2025<\/h2>\t\t\t\t<\/div>\n\t\t\t\t<\/div>\n\t\t\t\t<div class=\"elementor-element elementor-element-ce86620 elementor-invisible elementor-widget elementor-widget-heading\" data-id=\"ce86620\" data-element_type=\"widget\" data-settings=\"{&quot;_animation&quot;:&quot;fadeInLeft&quot;}\" data-widget_type=\"heading.default\">\n\t\t\t\t<div class=\"elementor-widget-container\">\n\t\t\t\t\t<h2 class=\"elementor-heading-title elementor-size-default\">30\/01\/2025 <\/h2>\t\t\t\t<\/div>\n\t\t\t\t<\/div>\n\t\t\t\t<\/div>\n\t\t<div class=\"elementor-element elementor-element-638b49d e-con-full e-flex e-con e-child\" data-id=\"638b49d\" data-element_type=\"container\">\n\t\t\t\t<div class=\"elementor-element elementor-element-955df13 elementor-invisible elementor-widget elementor-widget-heading\" data-id=\"955df13\" data-element_type=\"widget\" data-settings=\"{&quot;_animation&quot;:&quot;fadeInRight&quot;}\" data-widget_type=\"heading.default\">\n\t\t\t\t<div class=\"elementor-widget-container\">\n\t\t\t\t\t<h2 class=\"elementor-heading-title elementor-size-default\">Chamada para resumos<\/h2>\t\t\t\t<\/div>\n\t\t\t\t<\/div>\n\t\t\t\t<div class=\"elementor-element elementor-element-57aff96 elementor-invisible elementor-widget elementor-widget-heading\" data-id=\"57aff96\" data-element_type=\"widget\" data-settings=\"{&quot;_animation&quot;:&quot;fadeInRight&quot;}\" data-widget_type=\"heading.default\">\n\t\t\t\t<div class=\"elementor-widget-container\">\n\t\t\t\t\t<h2 class=\"elementor-heading-title elementor-size-default\">At\u00e9 17\/02\/2025<\/h2>\t\t\t\t<\/div>\n\t\t\t\t<\/div>\n\t\t\t\t<div class=\"elementor-element elementor-element-b6d9f94 elementor-invisible elementor-widget elementor-widget-heading\" data-id=\"b6d9f94\" data-element_type=\"widget\" data-settings=\"{&quot;_animation&quot;:&quot;fadeInRight&quot;}\" data-widget_type=\"heading.default\">\n\t\t\t\t<div class=\"elementor-widget-container\">\n\t\t\t\t\t<h2 class=\"elementor-heading-title elementor-size-default\">Cabo Verde<\/h2>\t\t\t\t<\/div>\n\t\t\t\t<\/div>\n\t\t\t\t<div class=\"elementor-element elementor-element-4410c1d elementor-invisible elementor-widget elementor-widget-heading\" data-id=\"4410c1d\" data-element_type=\"widget\" data-settings=\"{&quot;_animation&quot;:&quot;fadeInRight&quot;}\" data-widget_type=\"heading.default\">\n\t\t\t\t<div class=\"elementor-widget-container\">\n\t\t\t\t\t<h2 class=\"elementor-heading-title elementor-size-default\">Mindelo e Cidade de Praia<\/h2>\t\t\t\t<\/div>\n\t\t\t\t<\/div>\n\t\t\t\t<\/div>\n\t\t\t\t<\/div>\n\t\t<div class=\"elementor-element elementor-element-37ef2ce e-con-full e-flex e-con e-parent\" data-id=\"37ef2ce\" data-element_type=\"container\">\n\t\t<div class=\"elementor-element elementor-element-4eebe3e e-con-full e-flex elementor-invisible e-con e-child\" data-id=\"4eebe3e\" data-element_type=\"container\" data-settings=\"{&quot;animation&quot;:&quot;fadeInLeft&quot;}\">\n\t\t\t\t<div class=\"elementor-element elementor-element-7cdf7bf elementor-invisible elementor-widget elementor-widget-text-editor\" data-id=\"7cdf7bf\" data-element_type=\"widget\" data-settings=\"{&quot;_animation&quot;:&quot;fadeInLeft&quot;}\" data-widget_type=\"text-editor.default\">\n\t\t\t\t<div class=\"elementor-widget-container\">\n\t\t\t\t\t\t\t\t\t<p>A data-limite para submiss\u00e3o de resumos ao <a href=\"https:\/\/arquipelagos-em-dialogo.com\/\" target=\"_blank\" rel=\"noopener\">VI Semin\u00e1rio AEAULP \u2013 Arquip\u00e9lagos em Di\u00e1logo<\/a> , previsto para 1 a 5 de dezembro, no Mindelo e na Cidade da Praia, Cabo Verde, foi adiada para 17 de fevereiro.<\/p><p>Este encontro internacional, que re\u00fane institui\u00e7\u00f5es, professores e estudantes de Arquitetura do mundo lus\u00f3fono, pretende fomentar o interc\u00e2mbio cient\u00edfico da Arquitetura num amplo espetro de temas, escalas e geografias, com o objetivo de restabelecer a livre circula\u00e7\u00e3o de ideias e a constru\u00e7\u00e3o de uma massa cr\u00edtica (investiga\u00e7\u00e3o, produ\u00e7\u00e3o documental, experimenta\u00e7\u00e3o pr\u00e1tica) assente na diversidade cultural e geogr\u00e1fica, em particular no mundo lus\u00f3fono, incluindo todos os modos de express\u00e3o do tema global do projeto.<\/p>\t\t\t\t\t\t\t\t<\/div>\n\t\t\t\t<\/div>\n\t\t\t\t<div class=\"elementor-element elementor-element-35cf6ea elementor-invisible elementor-widget elementor-widget-heading\" data-id=\"35cf6ea\" data-element_type=\"widget\" data-settings=\"{&quot;_animation&quot;:&quot;fadeInLeft&quot;}\" data-widget_type=\"heading.default\">\n\t\t\t\t<div class=\"elementor-widget-container\">\n\t\t\t\t\t<h2 class=\"elementor-heading-title elementor-size-default\"><a href=\"https:\/\/arquipelagos-em-dialogo.com\/index.php\/en\/call\/call-for-abstracts\">Chamada para resumos<\/a><\/h2>\t\t\t\t<\/div>\n\t\t\t\t<\/div>\n\t\t\t\t<\/div>\n\t\t<div class=\"elementor-element elementor-element-46813e1 e-con-full e-flex elementor-invisible e-con e-child\" data-id=\"46813e1\" data-element_type=\"container\" data-settings=\"{&quot;animation&quot;:&quot;fadeInLeft&quot;}\">\n\t\t\t\t<div class=\"elementor-element elementor-element-2f97ab6 elementor-invisible elementor-widget elementor-widget-text-editor\" data-id=\"2f97ab6\" data-element_type=\"widget\" data-settings=\"{&quot;_animation&quot;:&quot;fadeInLeft&quot;}\" data-widget_type=\"text-editor.default\">\n\t\t\t\t<div class=\"elementor-widget-container\">\n\t\t\t\t\t\t\t\t\t<p>Os investigadores do Lab2PT \u2013 Universidade do Minho \/ IN2PAST <a href=\"https:\/\/www.cienciavitae.pt\/portal\/B21C-AEB4-3CD6\" target=\"_blank\" rel=\"noopener\">Bruno Figueiredo<\/a>, <a href=\"https:\/\/www.cienciavitae.pt\/portal\/D617-6ED1-FE70\" target=\"_blank\" rel=\"noopener\">Ivo Pereira de Oliveira<\/a> e <a href=\"https:\/\/www.cienciavitae.pt\/portal\/0315-3A9E-F3C5\" target=\"_blank\" rel=\"noopener\">Jo\u00e3o Cabeleira<\/a> est\u00e3o na Comiss\u00e3o Cient\u00edfica <a href=\"https:\/\/arquipelagos-em-dialogo.com\/index.php\/en\/comissoes\" target=\"_blank\" rel=\"noopener\">Comiss\u00e3o Cient\u00edfica<\/a>.<\/p><p>O tema central do encontro \u00e9 a rela\u00e7\u00e3o intr\u00ednseca entre a l\u00edngua falada e escrita e a arquitetura, entendidas como sistemas constitutivos que moldam a identidade e a mem\u00f3ria coletiva, e influenciam a forma como pensamos, comunicamos e vivemos \u2013 o que \u00e9 especialmente relevante no contexto lus\u00f3fono, onde estas express\u00f5es culturais se reinventam e adaptam continuamente num di\u00e1logo estabelecido entre o local e o global.<\/p><p>\u00a0<\/p><p><a href=\"https:\/\/arquipelagos-em-dialogo.com\/index.php\/en\/home\/sobre-o-seminario\" target=\"_blank\" rel=\"noopener\">Sobre o semin\u00e1rio<\/a><\/p>\t\t\t\t\t\t\t\t<\/div>\n\t\t\t\t<\/div>\n\t\t\t\t<\/div>\n\t\t\t\t<\/div>\n\t\t<div class=\"elementor-element elementor-element-bb75fa6 e-flex e-con-boxed e-con e-parent\" data-id=\"bb75fa6\" data-element_type=\"container\">\n\t\t\t\t\t<div class=\"e-con-inner\">\n\t\t\t\t<div class=\"elementor-element elementor-element-565c682 elementor-align-center elementor-invisible elementor-widget elementor-widget-button\" data-id=\"565c682\" data-element_type=\"widget\" data-settings=\"{&quot;_animation&quot;:&quot;fadeInLeft&quot;}\" data-widget_type=\"button.default\">\n\t\t\t\t<div class=\"elementor-widget-container\">\n\t\t\t\t\t\t\t\t\t<div class=\"elementor-button-wrapper\">\n\t\t\t\t\t<a class=\"elementor-button elementor-button-link elementor-size-xs\" href=\"https:\/\/in2past.org\/pt\/?page_id=1644\">\n\t\t\t\t\t\t<span class=\"elementor-button-content-wrapper\">\n\t\t\t\t\t\t\t\t\t<span class=\"elementor-button-text\">Todos os eventos<\/span>\n\t\t\t\t\t<\/span>\n\t\t\t\t\t<\/a>\n\t\t\t\t<\/div>\n\t\t\t\t\t\t\t\t<\/div>\n\t\t\t\t<\/div>\n\t\t\t\t\t<\/div>\n\t\t\t\t<\/div>\n\t\t\t\t<\/div>","protected":false},"excerpt":{"rendered":"<p>Prazo da convocat\u00f3ria prorrogado at\u00e9 17 de fevereiro VI Semin\u00e1rio AEAULP: \u2018Arquip\u00e9lagos em Di\u00e1logo\u2019 Semin\u00e1rio realiza-se em Cabo Verde, 1 a 5 de dezembro de 2025 30\/01\/2025 Convocat\u00f3ria de resumos At\u00e9 17\/02\/2025 Cabo Verde Mindelo e Cidade de Praia O prazo para a submiss\u00e3o de resumos para o VI Semin\u00e1rio AEAULP - \u2018Arquip\u00e9lagos em Di\u00e1logo\u2019 (6\u00ba Semin\u00e1rio AEAULP - \u2018Arquip\u00e9lagos [...]<\/p>","protected":false},"author":1,"featured_media":0,"comment_status":"closed","ping_status":"closed","sticky":false,"template":"elementor_header_footer","format":"standard","meta":{"footnotes":""},"categories":[15],"tags":[],"class_list":["post-12125","post","type-post","status-publish","format-standard","hentry","category-events"],"_links":{"self":[{"href":"https:\/\/in2past.org\/pt\/wp-json\/wp\/v2\/posts\/12125","targetHints":{"allow":["GET"]}}],"collection":[{"href":"https:\/\/in2past.org\/pt\/wp-json\/wp\/v2\/posts"}],"about":[{"href":"https:\/\/in2past.org\/pt\/wp-json\/wp\/v2\/types\/post"}],"author":[{"embeddable":true,"href":"https:\/\/in2past.org\/pt\/wp-json\/wp\/v2\/users\/1"}],"replies":[{"embeddable":true,"href":"https:\/\/in2past.org\/pt\/wp-json\/wp\/v2\/comments?post=12125"}],"version-history":[{"count":13,"href":"https:\/\/in2past.org\/pt\/wp-json\/wp\/v2\/posts\/12125\/revisions"}],"predecessor-version":[{"id":18555,"href":"https:\/\/in2past.org\/pt\/wp-json\/wp\/v2\/posts\/12125\/revisions\/18555"}],"wp:attachment":[{"href":"https:\/\/in2past.org\/pt\/wp-json\/wp\/v2\/media?parent=12125"}],"wp:term":[{"taxonomy":"category","embeddable":true,"href":"https:\/\/in2past.org\/pt\/wp-json\/wp\/v2\/categories?post=12125"},{"taxonomy":"post_tag","embeddable":true,"href":"https:\/\/in2past.org\/pt\/wp-json\/wp\/v2\/tags?post=12125"}],"curies":[{"name":"wp","href":"https:\/\/api.w.org\/{rel}","templated":true}]}}