{"id":11315,"date":"2024-12-13T19:02:23","date_gmt":"2024-12-13T19:02:23","guid":{"rendered":"https:\/\/in2past.org\/?p=11315"},"modified":"2024-12-13T19:09:03","modified_gmt":"2024-12-13T19:09:03","slug":"pedro-bandeira-at-the-venice-architecture-biennale","status":"publish","type":"post","link":"https:\/\/in2past.org\/pt\/news\/pedro-bandeira-at-the-venice-architecture-biennale\/","title":{"rendered":"Pedro Bandeira na Bienal de Arquitetura de Veneza"},"content":{"rendered":"<div data-elementor-type=\"wp-post\" data-elementor-id=\"11315\" class=\"elementor elementor-11315\" data-elementor-post-type=\"post\">\n\t\t\t\t<div class=\"elementor-element elementor-element-82a0096 e-con-full e-flex e-con e-parent\" data-id=\"82a0096\" data-element_type=\"container\">\n\t\t<div class=\"elementor-element elementor-element-1d065a6 e-con-full e-flex e-con e-child\" data-id=\"1d065a6\" data-element_type=\"container\">\n\t\t\t\t<div class=\"elementor-element elementor-element-6cc0b26 elementor-invisible elementor-widget elementor-widget-heading\" data-id=\"6cc0b26\" data-element_type=\"widget\" data-settings=\"{&quot;_animation&quot;:&quot;fadeInLeft&quot;}\" data-widget_type=\"heading.default\">\n\t\t\t\t<div class=\"elementor-widget-container\">\n\t\t\t\t\t<h2 class=\"elementor-heading-title elementor-size-default\"><i>Para\u00edso, hoje.<\/i> selecionados pela Dire\u00e7\u00e3o-Geral das Artes<\/h2>\t\t\t\t<\/div>\n\t\t\t\t<\/div>\n\t\t\t\t<div class=\"elementor-element elementor-element-153629e elementor-invisible elementor-widget elementor-widget-heading\" data-id=\"153629e\" data-element_type=\"widget\" data-settings=\"{&quot;_animation&quot;:&quot;fadeInLeft&quot;}\" data-widget_type=\"heading.default\">\n\t\t\t\t<div class=\"elementor-widget-container\">\n\t\t\t\t\t<h2 class=\"elementor-heading-title elementor-size-default\"><b>Pedro Bandeira representa Portugal na Bienal de Arquitetura de Veneza<\/b><\/h2>\t\t\t\t<\/div>\n\t\t\t\t<\/div>\n\t\t\t\t<div class=\"elementor-element elementor-element-966ac1d elementor-invisible elementor-widget elementor-widget-heading\" data-id=\"966ac1d\" data-element_type=\"widget\" data-settings=\"{&quot;_animation&quot;:&quot;fadeInLeft&quot;}\" data-widget_type=\"heading.default\">\n\t\t\t\t<div class=\"elementor-widget-container\">\n\t\t\t\t\t<h2 class=\"elementor-heading-title elementor-size-default\">Projeto questiona a contemporaneidade como \u2018para\u00edso\u2019<\/h2>\t\t\t\t<\/div>\n\t\t\t\t<\/div>\n\t\t\t\t<div class=\"elementor-element elementor-element-ba75345 elementor-invisible elementor-widget elementor-widget-heading\" data-id=\"ba75345\" data-element_type=\"widget\" data-settings=\"{&quot;_animation&quot;:&quot;fadeInLeft&quot;}\" data-widget_type=\"heading.default\">\n\t\t\t\t<div class=\"elementor-widget-container\">\n\t\t\t\t\t<h2 class=\"elementor-heading-title elementor-size-default\">13\/12\/2024<\/h2>\t\t\t\t<\/div>\n\t\t\t\t<\/div>\n\t\t\t\t<div class=\"elementor-element elementor-element-0f85098 elementor-invisible elementor-widget elementor-widget-text-editor\" data-id=\"0f85098\" data-element_type=\"widget\" data-settings=\"{&quot;_animation&quot;:&quot;fadeInLeft&quot;}\" data-widget_type=\"text-editor.default\">\n\t\t\t\t<div class=\"elementor-widget-container\">\n\t\t\t\t\t\t\t\t\t<p><a href=\"https:\/\/www.cienciavitae.pt\/portal\/731E-C194-2D03\" target=\"_blank\" rel=\"noopener\">Pedro Bandeira<\/a>, investigador do Lab2PT - Universidade do Minho \/ IN2PAST, \u00e9 um dos tr\u00eas curadores principais do projeto art\u00edstico selecionado pelo Governo Portugu\u00eas para representar oficialmente Portugal na Bienal de Arquitetura de Veneza 2025, intitulado <em>Para\u00edso, hoje,<\/em> (<em>Para\u00edso, hoje.<\/em>), ao qual foi concedido um apoio financeiro de 422 600 euros.<\/p><p>O projeto, da autoria de Paula Mel\u00e2neo e Luca Martinucci, com curadoria adjunta de Catarina Raposo e Nuno Cera, consiste numa instala\u00e7\u00e3o tecnol\u00f3gica arquitet\u00f3nica\/art\u00edstica que cria \u2018um ambiente imersivo e uma experi\u00eancia interactiva com o p\u00fablico, visando sensibilizar e despertar reflex\u00f5es sobre a rela\u00e7\u00e3o entre a a\u00e7\u00e3o humana e a Natureza\u2019, segundo um <a href=\"https:\/\/www.dgartes.gov.pt\/pt\/noticia\/8007\" target=\"_blank\" rel=\"noopener\">declara\u00e7\u00e3o<\/a> do Minist\u00e9rio da Cultura portugu\u00eas.<\/p><p>Os tr\u00eas curadores contaram <a href=\"https:\/\/www.publico.pt\/2024\/12\/09\/culturaipsilon\/noticia\/paraiso-hoje-levara-arquitectura-portugal-veneza-contramao-discurso-2114900\" target=\"_blank\" rel=\"noopener\">jornal <em>P\u00fablico<\/em><\/a> que <em>Para\u00edso, hoje.<\/em> n\u00e3o \u00e9 sobre a arquitetura como objeto, mas sobre objectos arquitect\u00f3nicos \u2018c\u00famplices\u2019 que contam uma hist\u00f3ria diferente \u2018deste para\u00edso \u00e0 beira-mar\u2019 (Portugal), e que \u00e9 tamb\u00e9m a ant\u00edtese do culto dos arquitectos-estrela, ao promover \u2018uma constru\u00e7\u00e3o colectiva das abordagens arquitect\u00f3nicas e da sua rela\u00e7\u00e3o com o territ\u00f3rio\u2019, escreve a jornalista Joana Amaral Cardoso.<\/p><p>A <a href=\"https:\/\/www.labiennale.org\/en\/architecture\/2025\" target=\"_blank\" rel=\"noopener\">Bienal de Arquitetura 2025<\/a> - A 19\u00aa Exposi\u00e7\u00e3o Internacional de Arquitetura ter\u00e1 lugar em Veneza, It\u00e1lia, entre 10 de maio e 23 de novembro<sup>\u00aa<\/sup>, 2025. <em>Para\u00edso, hoje.<\/em> estar\u00e1 em exposi\u00e7\u00e3o no edif\u00edcio Fondaco Marcello.<\/p>\t\t\t\t\t\t\t\t<\/div>\n\t\t\t\t<\/div>\n\t\t\t\t<\/div>\n\t\t<div class=\"elementor-element elementor-element-48e1974 e-con-full e-flex elementor-invisible e-con e-child\" data-id=\"48e1974\" data-element_type=\"container\" data-settings=\"{&quot;animation&quot;:&quot;fadeInRight&quot;}\">\n\t\t\t\t<div class=\"elementor-element elementor-element-066574e elementor-widget elementor-widget-image\" data-id=\"066574e\" data-element_type=\"widget\" data-widget_type=\"image.default\">\n\t\t\t\t<div class=\"elementor-widget-container\">\n\t\t\t\t\t\t\t\t\t\t\t\t\t\t\t<img fetchpriority=\"high\" decoding=\"async\" width=\"800\" height=\"533\" src=\"https:\/\/in2past.org\/wp-content\/uploads\/2024\/12\/Pedro-Bandeira_1.jpg\" class=\"attachment-large size-large wp-image-11318\" alt=\"\" srcset=\"https:\/\/in2past.org\/wp-content\/uploads\/2024\/12\/Pedro-Bandeira_1.jpg 1000w, https:\/\/in2past.org\/wp-content\/uploads\/2024\/12\/elementor\/thumbs\/Pedro-Bandeira_1-r96orjw4upwdzqud92xkftp3u1ij4svwwc10oc6bbk.jpg 300w, https:\/\/in2past.org\/wp-content\/uploads\/2024\/12\/Pedro-Bandeira_1-768x511.jpg 768w\" sizes=\"(max-width: 800px) 100vw, 800px\" \/>\t\t\t\t\t\t\t\t\t\t\t\t\t\t\t<\/div>\n\t\t\t\t<\/div>\n\t\t\t\t<div class=\"elementor-element elementor-element-176f275 elementor-widget elementor-widget-text-editor\" data-id=\"176f275\" data-element_type=\"widget\" data-widget_type=\"text-editor.default\">\n\t\t\t\t<div class=\"elementor-widget-container\">\n\t\t\t\t\t\t\t\t\t<p>\u00a9 Pedro Bandeira<\/p>\t\t\t\t\t\t\t\t<\/div>\n\t\t\t\t<\/div>\n\t\t\t\t<\/div>\n\t\t\t\t<\/div>\n\t\t<div class=\"elementor-element elementor-element-6611675 e-con-full e-flex e-con e-parent\" data-id=\"6611675\" data-element_type=\"container\">\n\t\t\t\t<div class=\"elementor-element elementor-element-91ed730 elementor-align-center elementor-invisible elementor-widget elementor-widget-button\" data-id=\"91ed730\" data-element_type=\"widget\" data-settings=\"{&quot;_animation&quot;:&quot;fadeInLeft&quot;}\" data-widget_type=\"button.default\">\n\t\t\t\t<div class=\"elementor-widget-container\">\n\t\t\t\t\t\t\t\t\t<div class=\"elementor-button-wrapper\">\n\t\t\t\t\t<a class=\"elementor-button elementor-button-link elementor-size-xs\" href=\"https:\/\/in2past.org\/pt\/?page_id=1642\">\n\t\t\t\t\t\t<span class=\"elementor-button-content-wrapper\">\n\t\t\t\t\t\t\t\t\t<span class=\"elementor-button-text\">Todas as not\u00edcias<\/span>\n\t\t\t\t\t<\/span>\n\t\t\t\t\t<\/a>\n\t\t\t\t<\/div>\n\t\t\t\t\t\t\t\t<\/div>\n\t\t\t\t<\/div>\n\t\t\t\t<\/div>\n\t\t\t\t<\/div>","protected":false},"excerpt":{"rendered":"<p>Para\u00edso, Hoje. selecionado pela Dire\u00e7\u00e3o-Geral das Artes Pedro Bandeira representa Portugal na Bienal de Arquitetura de Veneza Projeto questiona a contemporaneidade como \u2018para\u00edso\u2019 13\/12\/2024 Pedro Bandeira, investigador do Lab2PT - Universidade do Minho \/ IN2PAST, \u00e9 um dos tr\u00eas curadores principais do projeto art\u00edstico selecionado pelo Governo portugu\u00eas para representar oficialmente Portugal [...]<\/p>","protected":false},"author":1,"featured_media":0,"comment_status":"closed","ping_status":"closed","sticky":false,"template":"elementor_header_footer","format":"standard","meta":{"footnotes":""},"categories":[16],"tags":[],"class_list":["post-11315","post","type-post","status-publish","format-standard","hentry","category-news"],"_links":{"self":[{"href":"https:\/\/in2past.org\/pt\/wp-json\/wp\/v2\/posts\/11315","targetHints":{"allow":["GET"]}}],"collection":[{"href":"https:\/\/in2past.org\/pt\/wp-json\/wp\/v2\/posts"}],"about":[{"href":"https:\/\/in2past.org\/pt\/wp-json\/wp\/v2\/types\/post"}],"author":[{"embeddable":true,"href":"https:\/\/in2past.org\/pt\/wp-json\/wp\/v2\/users\/1"}],"replies":[{"embeddable":true,"href":"https:\/\/in2past.org\/pt\/wp-json\/wp\/v2\/comments?post=11315"}],"version-history":[{"count":8,"href":"https:\/\/in2past.org\/pt\/wp-json\/wp\/v2\/posts\/11315\/revisions"}],"predecessor-version":[{"id":11328,"href":"https:\/\/in2past.org\/pt\/wp-json\/wp\/v2\/posts\/11315\/revisions\/11328"}],"wp:attachment":[{"href":"https:\/\/in2past.org\/pt\/wp-json\/wp\/v2\/media?parent=11315"}],"wp:term":[{"taxonomy":"category","embeddable":true,"href":"https:\/\/in2past.org\/pt\/wp-json\/wp\/v2\/categories?post=11315"},{"taxonomy":"post_tag","embeddable":true,"href":"https:\/\/in2past.org\/pt\/wp-json\/wp\/v2\/tags?post=11315"}],"curies":[{"name":"wp","href":"https:\/\/api.w.org\/{rel}","templated":true}]}}