{"id":10371,"date":"2024-10-01T16:48:34","date_gmt":"2024-10-01T15:48:34","guid":{"rendered":"https:\/\/in2past.org\/?p=10371"},"modified":"2024-10-07T15:42:15","modified_gmt":"2024-10-07T14:42:15","slug":"trigo-lentejado-bom-memorias-coletivas-e-afetivas-do-pao-alentejano-em-evora","status":"publish","type":"post","link":"https:\/\/in2past.org\/pt\/news\/trigo-lentejado-bom-memorias-coletivas-e-afetivas-do-pao-alentejano-em-evora\/","title":{"rendered":"Trigo Llentejado Boom: mem\u00f3rias colectivas e afetivas do p\u00e3o alentejano em \u00c9vora"},"content":{"rendered":"<div data-elementor-type=\"wp-post\" data-elementor-id=\"10371\" class=\"elementor elementor-10371\" data-elementor-post-type=\"post\">\n\t\t\t\t<div class=\"elementor-element elementor-element-d6f6f36 e-con-full e-flex e-con e-parent\" data-id=\"d6f6f36\" data-element_type=\"container\">\n\t\t\t\t<div class=\"elementor-element elementor-element-81303b2 elementor-invisible elementor-widget elementor-widget-heading\" data-id=\"81303b2\" data-element_type=\"widget\" data-settings=\"{&quot;_animation&quot;:&quot;fadeInLeft&quot;}\" data-widget_type=\"heading.default\">\n\t\t\t\t<div class=\"elementor-widget-container\">\n\t\t\t\t\t<h2 class=\"elementor-heading-title elementor-size-default\">Desenvolvido durante a 1\u00aa Escola de Doutoramento do IN2PAST<\/h2>\t\t\t\t<\/div>\n\t\t\t\t<\/div>\n\t\t\t\t<div class=\"elementor-element elementor-element-f906542 elementor-invisible elementor-widget elementor-widget-heading\" data-id=\"f906542\" data-element_type=\"widget\" data-settings=\"{&quot;_animation&quot;:&quot;fadeInLeft&quot;}\" data-widget_type=\"heading.default\">\n\t\t\t\t<div class=\"elementor-widget-container\">\n\t\t\t\t\t<h2 class=\"elementor-heading-title elementor-size-default\"><b>\u2018Trigo LLentejado Boom': mem\u00f3rias colectivas e afectivas do p\u00e3o alentejano em \u00c9vora<\/b><\/h2>\t\t\t\t<\/div>\n\t\t\t\t<\/div>\n\t\t\t\t<div class=\"elementor-element elementor-element-e8dd6eb elementor-invisible elementor-widget elementor-widget-heading\" data-id=\"e8dd6eb\" data-element_type=\"widget\" data-settings=\"{&quot;_animation&quot;:&quot;fadeInLeft&quot;}\" data-widget_type=\"heading.default\">\n\t\t\t\t<div class=\"elementor-widget-container\">\n\t\t\t\t\t<h2 class=\"elementor-heading-title elementor-size-default\">Um projeto In2Future Boot Camp<\/h2>\t\t\t\t<\/div>\n\t\t\t\t<\/div>\n\t\t\t\t<div class=\"elementor-element elementor-element-0114f5c elementor-invisible elementor-widget elementor-widget-heading\" data-id=\"0114f5c\" data-element_type=\"widget\" data-settings=\"{&quot;_animation&quot;:&quot;fadeInLeft&quot;}\" data-widget_type=\"heading.default\">\n\t\t\t\t<div class=\"elementor-widget-container\">\n\t\t\t\t\t<h2 class=\"elementor-heading-title elementor-size-default\">1\/10\/2024<\/h2>\t\t\t\t<\/div>\n\t\t\t\t<\/div>\n\t\t\t\t<div class=\"elementor-element elementor-element-baa0d85 elementor-invisible elementor-widget elementor-widget-heading\" data-id=\"baa0d85\" data-element_type=\"widget\" data-settings=\"{&quot;_animation&quot;:&quot;fadeInLeft&quot;}\" data-widget_type=\"heading.default\">\n\t\t\t\t<div class=\"elementor-widget-container\">\n\t\t\t\t\t<h2 class=\"elementor-heading-title elementor-size-default\">*'Trigo lentejado bom' poderia ser traduzido muito livremente como trigo h\u00famido\/lento<\/h2>\t\t\t\t<\/div>\n\t\t\t\t<\/div>\n\t\t\t\t<\/div>\n\t\t<div class=\"elementor-element elementor-element-5d475cf e-con-full e-flex e-con e-parent\" data-id=\"5d475cf\" data-element_type=\"container\">\n\t\t\t\t<div class=\"elementor-element elementor-element-fbffdc1 elementor-invisible elementor-widget elementor-widget-text-editor\" data-id=\"fbffdc1\" data-element_type=\"widget\" data-settings=\"{&quot;_animation&quot;:&quot;fadeInLeft&quot;}\" data-widget_type=\"text-editor.default\">\n\t\t\t\t<div class=\"elementor-widget-container\">\n\t\t\t\t\t\t\t\t\t<p>Explorar a mem\u00f3ria colectiva e afectiva relacionada com o p\u00e3o, integrando as palavras e testemunhos dos habitantes de \u00c9vora para dar in\u00edcio a um arquivo participativo, \u00e9 o principal objetivo do projeto \u2018Trigo Lentejado Bom: mem\u00f3rias colectivas e afectivas do p\u00e3o alentejano em \u00c9vora\u2019, desenvolvido de raiz em menos de uma semana durante a primeira Escola Doutoral do IN2PAST.<\/p><p>A <a href=\"https:\/\/in2past.org\/pt\/news\/in2future-boot-camp-towards-an-ecology-of-heritage-practices\/\">\u2018Campo de treino In2Future: Para uma Ecologia das Pr\u00e1ticas do Patrim\u00f3nio\u2019<\/a>, que se realiza em \u00c9vora entre 18 e 24 de maio de 2024, em parceria com <a href=\"https:\/\/festivalimaterial.pt\/en\/\" target=\"_blank\" rel=\"noopener\">Festival Imaterial<\/a> e <a href=\"https:\/\/www.evora2027.com\/en\/\" target=\"_blank\" rel=\"noopener\">\u00c9vora 27 \u2013 Capital Europeia da Cultura<\/a>, e que reuniu 33 <a href=\"https:\/\/in2past.org\/pt\/events\/phd-in-anthropology-picm-2026-27\/\">Doutoramento<\/a> estudantes das sete unidades de investiga\u00e7\u00e3o que comp\u00f5em o cons\u00f3rcio IN2PAST.<\/p><p>Este v\u00eddeo \u00e9 o resultado de um trabalho coletivo transdisciplinar realizado por sete investigadores que estudam M\u00fasica e Musicologia, Hist\u00f3ria, Mem\u00f3ria e Cultura Tang\u00edvel, Hist\u00f3ria da Arte, Hist\u00f3ria da Ci\u00eancia, Qu\u00edmica, Museologia, Estudos do Patrim\u00f3nio Cultural, Hist\u00f3ria Institucional, Hist\u00f3ria Cultural, Antropologia, Arqueologia, Geologia e Arqueometria.<\/p><p>Para responder ao desafio de (re)pensar as t\u00e9cnicas e os dispositivos de arquivo ou de transmiss\u00e3o cultural que constituem o patrim\u00f3nio, subjacente \u00e0 no\u00e7\u00e3o de anarquivo, e contemplando o lema de \u00c9vora_27 - a afirma\u00e7\u00e3o de VAGAR como mais uma arte de exist\u00eancia para a Humanidade - a equipa do \u2018Trigo Lentejado Bom\u2019 optou por valorizar o p\u00e3o alentejano como patrim\u00f3nio cultural, reconhecendo nele a sabedoria ancestral que v\u00ea no tempo um aliado e n\u00e3o um advers\u00e1rio.<\/p><p>Na rua, questionaram as pessoas sobre a sua rela\u00e7\u00e3o com o p\u00e3o, mapeando as suas hist\u00f3rias e mem\u00f3rias, com o objetivo de criar uma micro-hist\u00f3ria que, atrav\u00e9s de diferentes imagin\u00e1rios - os da farinha, da m\u00e3o de obra, do moinho, da identidade, da qu\u00edmica, do amido e da fermenta\u00e7\u00e3o - se transforma numa macro-hist\u00f3ria sobre a constru\u00e7\u00e3o de uma mem\u00f3ria colectiva e afectiva em torno do p\u00e3o.<\/p><p>A primeira apresenta\u00e7\u00e3o p\u00fablica deste projeto teve lugar no Teatro Garcia de Resende, em \u00c9vora, no dia 24 de maio de 2024, no \u00e2mbito da sess\u00e3o do boot camp\/Festival Imaterial \u2018<a href=\"https:\/\/in2past.org\/pt\/events\/in2past-organises-three-talks-at-festival-imaterial\/\" target=\"_blank\" rel=\"noopener\">Anarquivos Patrimoniais em \u00c9vora: Para uma Ecologia das Pr\u00e1ticas<\/a>\u2019.<\/p>\t\t\t\t\t\t\t\t<\/div>\n\t\t\t\t<\/div>\n\t\t\t\t<div class=\"elementor-element elementor-element-284687f elementor-widget elementor-widget-heading\" data-id=\"284687f\" data-element_type=\"widget\" data-widget_type=\"heading.default\">\n\t\t\t\t<div class=\"elementor-widget-container\">\n\t\t\t\t\t<h2 class=\"elementor-heading-title elementor-size-default\">Autores, afilia\u00e7\u00f5es e \u00e1reas de investiga\u00e7\u00e3o:<\/h2>\t\t\t\t<\/div>\n\t\t\t\t<\/div>\n\t\t\t\t<div class=\"elementor-element elementor-element-2d4c1d7 elementor-invisible elementor-widget elementor-widget-text-editor\" data-id=\"2d4c1d7\" data-element_type=\"widget\" data-settings=\"{&quot;_animation&quot;:&quot;fadeInLeft&quot;}\" data-widget_type=\"text-editor.default\">\n\t\t\t\t<div class=\"elementor-widget-container\">\n\t\t\t\t\t\t\t\t\t<p><a href=\"https:\/\/www.cienciavitae.pt\/portal\/8E1D-EEAE-D928\" target=\"_blank\" rel=\"noopener\">Caio Priori Santos<\/a>, CESEM - Universidade de \u00c9vora \/ IN2PAST, M\u00fasica e Musicologia;<\/p><p><a href=\"https:\/\/www.cienciavitae.pt\/portal\/941A-BC43-0734\" target=\"_blank\" rel=\"noopener\">Francesca Iorio<\/a>, IHA - NOVA FCSH \/ IN2PAST, Hist\u00f3ria da Arte;<\/p><p>Jacqueline Souza, IHC - Universidade de \u00c9vora \/ IN2PAST, Hist\u00f3ria da Ci\u00eancia, Museologia, Estudos do Patrim\u00f3nio Cultural, Hist\u00f3ria Institucional, Hist\u00f3ria Cultural;<\/p><p><a href=\"https:\/\/www.cienciavitae.pt\/6E16-4CE3-207C\" target=\"_blank\" rel=\"noopener\">Jo\u00e3o Sousa<\/a>, CRIA - Iscte \/ IN2PAST, Antropologia;<\/p><p><a href=\"https:\/\/www.cienciavitae.pt\/portal\/F111-75A6-76AE\" target=\"_blank\" rel=\"noopener\">Marina Costa<\/a>, Laborat\u00f3rio HERCULES - Universidade de \u00c9vora \/ IN2PAST, Qu\u00edmica;<\/p><p><a href=\"https:\/\/www.cienciavitae.pt\/portal\/F414-48F9-8339\" target=\"_blank\" rel=\"noopener\">Samira Miranda<\/a>, IHC - NOVA FCSH \/ IN2PAST, Hist\u00f3ria, Mem\u00f3ria e Cultura Tang\u00edvel;<\/p><p><a href=\"https:\/\/www.cienciavitae.pt\/portal\/EB14-9905-0824\" target=\"_blank\" rel=\"noopener\">Sofia Barroso Catal\u00e3o<\/a>, Lab2PT - Universidade do Minho \/ IN2PAST, Hist\u00f3ria, Arqueologia, Geologia, Arqueometria.<\/p>\t\t\t\t\t\t\t\t<\/div>\n\t\t\t\t<\/div>\n\t\t\t\t<div class=\"elementor-element elementor-element-07181b4 elementor-invisible elementor-widget elementor-widget-heading\" data-id=\"07181b4\" data-element_type=\"widget\" data-settings=\"{&quot;_animation&quot;:&quot;fadeInLeft&quot;}\" data-widget_type=\"heading.default\">\n\t\t\t\t<div class=\"elementor-widget-container\">\n\t\t\t\t\t<h2 class=\"elementor-heading-title elementor-size-default\">Obrigado \u00e0 popula\u00e7\u00e3o de \u00c9vora que participou neste (an)arquivo.<\/h2>\t\t\t\t<\/div>\n\t\t\t\t<\/div>\n\t\t\t\t<\/div>\n\t\t<div class=\"elementor-element elementor-element-8c68f7f e-con-full e-flex e-con e-parent\" data-id=\"8c68f7f\" data-element_type=\"container\">\n\t\t\t\t<div class=\"elementor-element elementor-element-38c5a8b elementor-invisible elementor-widget elementor-widget-video\" data-id=\"38c5a8b\" data-element_type=\"widget\" data-settings=\"{&quot;youtube_url&quot;:&quot;https:\\\/\\\/youtu.be\\\/SUr8lv0FFyQ&quot;,&quot;_animation&quot;:&quot;fadeInLeft&quot;,&quot;start&quot;:0,&quot;video_type&quot;:&quot;youtube&quot;,&quot;controls&quot;:&quot;yes&quot;}\" data-widget_type=\"video.default\">\n\t\t\t\t<div class=\"elementor-widget-container\">\n\t\t\t\t\t\t\t<div class=\"elementor-wrapper elementor-open-inline\">\n\t\t\t<div class=\"elementor-video\"><\/div>\t\t<\/div>\n\t\t\t\t\t\t<\/div>\n\t\t\t\t<\/div>\n\t\t\t\t<\/div>\n\t\t<div class=\"elementor-element elementor-element-86bebdd e-flex e-con-boxed e-con e-parent\" data-id=\"86bebdd\" data-element_type=\"container\">\n\t\t\t\t\t<div class=\"e-con-inner\">\n\t\t\t\t<div class=\"elementor-element elementor-element-2e6e4de elementor-align-center elementor-invisible elementor-widget elementor-widget-button\" data-id=\"2e6e4de\" data-element_type=\"widget\" data-settings=\"{&quot;_animation&quot;:&quot;fadeInLeft&quot;}\" data-widget_type=\"button.default\">\n\t\t\t\t<div class=\"elementor-widget-container\">\n\t\t\t\t\t\t\t\t\t<div class=\"elementor-button-wrapper\">\n\t\t\t\t\t<a class=\"elementor-button elementor-button-link elementor-size-xs\" href=\"https:\/\/in2past.org\/pt\/?page_id=1642\">\n\t\t\t\t\t\t<span class=\"elementor-button-content-wrapper\">\n\t\t\t\t\t\t\t\t\t<span class=\"elementor-button-text\">Todas as not\u00edcias<\/span>\n\t\t\t\t\t<\/span>\n\t\t\t\t\t<\/a>\n\t\t\t\t<\/div>\n\t\t\t\t\t\t\t\t<\/div>\n\t\t\t\t<\/div>\n\t\t\t\t\t<\/div>\n\t\t\t\t<\/div>\n\t\t\t\t<\/div>","protected":false},"excerpt":{"rendered":"<p>Desenvolvido durante a 1\u00aa Escola Doutoral do IN2PAST \u2018Trigo LLentejado Boom\u2019: mem\u00f3rias colectivas e afectivas do p\u00e3o alentejano em \u00c9vora Um projeto In2Future Boot Camp 1\/10\/2024 *\u2019Trigo lentejado bom\u2019 poderia ser traduzido muito vagamente como trigo bom h\u00famido\/lento Explorar a mem\u00f3ria colectiva e afectiva relacionada com o p\u00e3o, integrando as palavras e testemunhos dos habitantes de \u00c9vora para [...]<\/p>","protected":false},"author":1,"featured_media":10373,"comment_status":"closed","ping_status":"closed","sticky":false,"template":"elementor_header_footer","format":"standard","meta":{"footnotes":""},"categories":[16],"tags":[],"class_list":["post-10371","post","type-post","status-publish","format-standard","has-post-thumbnail","hentry","category-news"],"_links":{"self":[{"href":"https:\/\/in2past.org\/pt\/wp-json\/wp\/v2\/posts\/10371","targetHints":{"allow":["GET"]}}],"collection":[{"href":"https:\/\/in2past.org\/pt\/wp-json\/wp\/v2\/posts"}],"about":[{"href":"https:\/\/in2past.org\/pt\/wp-json\/wp\/v2\/types\/post"}],"author":[{"embeddable":true,"href":"https:\/\/in2past.org\/pt\/wp-json\/wp\/v2\/users\/1"}],"replies":[{"embeddable":true,"href":"https:\/\/in2past.org\/pt\/wp-json\/wp\/v2\/comments?post=10371"}],"version-history":[{"count":29,"href":"https:\/\/in2past.org\/pt\/wp-json\/wp\/v2\/posts\/10371\/revisions"}],"predecessor-version":[{"id":10635,"href":"https:\/\/in2past.org\/pt\/wp-json\/wp\/v2\/posts\/10371\/revisions\/10635"}],"wp:featuredmedia":[{"embeddable":true,"href":"https:\/\/in2past.org\/pt\/wp-json\/wp\/v2\/media\/10373"}],"wp:attachment":[{"href":"https:\/\/in2past.org\/pt\/wp-json\/wp\/v2\/media?parent=10371"}],"wp:term":[{"taxonomy":"category","embeddable":true,"href":"https:\/\/in2past.org\/pt\/wp-json\/wp\/v2\/categories?post=10371"},{"taxonomy":"post_tag","embeddable":true,"href":"https:\/\/in2past.org\/pt\/wp-json\/wp\/v2\/tags?post=10371"}],"curies":[{"name":"wp","href":"https:\/\/api.w.org\/{rel}","templated":true}]}}